{"id":110919,"date":"2025-03-14T10:22:47","date_gmt":"2025-03-14T10:22:47","guid":{"rendered":"https:\/\/tvbrazilusa.com\/2025\/03\/14\/janja-fecha-perfil-no-instagram-apos-ser-alvo-de-criticas\/"},"modified":"2025-03-14T10:22:48","modified_gmt":"2025-03-14T10:22:48","slug":"janja-fecha-perfil-no-instagram-apos-ser-alvo-de-criticas","status":"publish","type":"post","link":"https:\/\/tvbrazilusa.com\/pt\/2025\/03\/14\/janja-fecha-perfil-no-instagram-apos-ser-alvo-de-criticas\/","title":{"rendered":"Janja fecha perfil no Instagram ap\u00f3s ser alvo de cr\u00edticas"},"content":{"rendered":"<p> <script async src=\"https:\/\/pagead2.googlesyndication.com\/pagead\/js\/adsbygoogle.js?client=ca-pub-8864793242727901\"\r\n     crossorigin=\"anonymous\"><\/script><br \/>\n<\/p>\n<div id=\"taboola-read-more\" style=\"display:block; width:100%\">\n<p>A primeira-dama Janja da Silva privou sua conta no Instagram nesta quinta-feira (13), impedindo que usu\u00e1rios que n\u00e3o a sigam entrem no perfil.\n<\/p>\n<p>Em nota, a assessoria de Janja afirmou que a decis\u00e3o se deu devido a uma onda de coment\u00e1rios odiosos e mis\u00f3ginos nas publica\u00e7\u00f5es.<\/p>\n<p>\u201cOs coment\u00e1rios no perfil da primeira-dama Janja no Instagram s\u00e3o um exemplo de como um grupo de pessoas acha que as redes sociais s\u00e3o uma terra sem lei, onde podem escrever ofensas livremente\u201d, disse o comunicado.\n<\/p>\n<p>Segundo a nota, muitas respostas nas publica\u00e7\u00f5es de Janja possuem teor criminoso, que \u201cdifamam, caluniam e amea\u00e7am a seguran\u00e7a e integridade\u201d dela.\n<\/p>\n<p>A nota prossegue afirmando que, apesar de ser uma pessoa p\u00fablica, Janja tem o dom\u00ednio sobre seu perfil no Instagram e o direito de decidir restringir sua conta temporariamente para refor\u00e7ar a modera\u00e7\u00e3o dos coment\u00e1rios em suas publica\u00e7\u00f5es.\n<\/p>\n<p><em>Foto: Reprodu\u00e7\u00e3o\/Instagram<\/em>\n<\/p>\n<p><strong>Cr\u00edticas<\/strong>\n<\/p>\n<p>A atua\u00e7\u00e3o da primeira-dama se tornou alvo de cr\u00edticas da oposi\u00e7\u00e3o. Nesta semana, opositores endossaram as cr\u00edticas usando um coment\u00e1rio do presidente Lula sobre ele ter escolhido uma \u201cmulher bonita\u201d para ter boa rela\u00e7\u00e3o com o Congresso, em refer\u00eancia \u00e0 ministra Gleisi Hoffmann.\n<\/p>\n<p>Al\u00e9m disso, deputados e senadores questionam a participa\u00e7\u00e3o de Janja em viagens e eventos ligados ao governo.\n<\/p>\n<p>No m\u00eas passado, o deputado federal Kim Kataguiri (Uni\u00e3o-SP) entrou com representa\u00e7\u00e3o junto \u00e0 Controladoria-Geral da Uni\u00e3o (CGU) para que sejam apurados os gastos da primeira-dama durante viagem a Roma, na It\u00e1lia.\n<\/p>\n<p>A comitiva tinha 12 integrantes. O grupo participou da 48\u00aa Sess\u00e3o do Conselho de Governan\u00e7a do Fundo Internacional de Desenvolvimento Agr\u00edcola (Fida), vinculado \u00e0 Organiza\u00e7\u00e3o das Na\u00e7\u00f5es Unidas (ONU).\n<\/p>\n<p>Ao todo, Janja e os assessores gastaram aproximadamente R$ 292,3 mil em passagens a\u00e9reas e di\u00e1rias.\n<\/p>\n<p>S\u00f3 as passagens da primeira-dama custaram R$ 34 mil. Segundo o parlamentar, ela n\u00e3o possui cargo oficial que justifique o uso de dinheiro p\u00fablico para a viagem.\n<\/p>\n<p>Na representa\u00e7\u00e3o, Kim pede que sejam tomadas as devidas provid\u00eancias para apurar e, se for o caso, responsabilizar os envolvidos.\n<\/p>\n<p>Durante a celebra\u00e7\u00e3o dos 45 anos do Partido dos Trabalhadores, em fevereiro, o presidente Luiz In\u00e1cio Lula da Silva (PT) comentou as cr\u00edticas que a soci\u00f3loga tem sofrido da oposi\u00e7\u00e3o. O mandat\u00e1rio disse que sua esposa \u00e9 \u201ca bola da vez\u201d e usam ela para atingi-lo.\n<\/p>\n<p><strong>CNN<\/strong>              <\/p>\n<\/div>\n<p><br \/>\n<br \/><a href=\"https:\/\/diariodobrasilnoticias.com.br\/noticia\/janja-fecha-perfil-no-instagram-apos-ser-alvo-de-criticas-67d402071cbd1\">Source link <\/a><\/p>","protected":false},"excerpt":{"rendered":"<p>A primeira-dama Janja da Silva privou sua conta no Instagram nesta quinta-feira (13), impedindo que usu\u00e1rios que n\u00e3o a sigam entrem no perfil. Em nota, a assessoria de Janja afirmou&hellip;<\/p>","protected":false},"author":1,"featured_media":110920,"comment_status":"closed","ping_status":"open","sticky":false,"template":"","format":"standard","meta":{"content-type":"","footnotes":""},"categories":[16],"tags":[123,2448,5313,1267],"class_list":["post-110919","post","type-post","status-publish","format-standard","has-post-thumbnail","hentry","category-noticias","tag-brasil","tag-diario","tag-noticia","tag-noticias"],"_links":{"self":[{"href":"https:\/\/tvbrazilusa.com\/pt\/wp-json\/wp\/v2\/posts\/110919","targetHints":{"allow":["GET"]}}],"collection":[{"href":"https:\/\/tvbrazilusa.com\/pt\/wp-json\/wp\/v2\/posts"}],"about":[{"href":"https:\/\/tvbrazilusa.com\/pt\/wp-json\/wp\/v2\/types\/post"}],"author":[{"embeddable":true,"href":"https:\/\/tvbrazilusa.com\/pt\/wp-json\/wp\/v2\/users\/1"}],"replies":[{"embeddable":true,"href":"https:\/\/tvbrazilusa.com\/pt\/wp-json\/wp\/v2\/comments?post=110919"}],"version-history":[{"count":1,"href":"https:\/\/tvbrazilusa.com\/pt\/wp-json\/wp\/v2\/posts\/110919\/revisions"}],"predecessor-version":[{"id":110921,"href":"https:\/\/tvbrazilusa.com\/pt\/wp-json\/wp\/v2\/posts\/110919\/revisions\/110921"}],"wp:featuredmedia":[{"embeddable":true,"href":"https:\/\/tvbrazilusa.com\/pt\/wp-json\/wp\/v2\/media\/110920"}],"wp:attachment":[{"href":"https:\/\/tvbrazilusa.com\/pt\/wp-json\/wp\/v2\/media?parent=110919"}],"wp:term":[{"taxonomy":"category","embeddable":true,"href":"https:\/\/tvbrazilusa.com\/pt\/wp-json\/wp\/v2\/categories?post=110919"},{"taxonomy":"post_tag","embeddable":true,"href":"https:\/\/tvbrazilusa.com\/pt\/wp-json\/wp\/v2\/tags?post=110919"}],"curies":[{"name":"wp","href":"https:\/\/api.w.org\/{rel}","templated":true}]}}