{"id":110983,"date":"2025-03-14T14:53:51","date_gmt":"2025-03-14T14:53:51","guid":{"rendered":"https:\/\/tvbrazilusa.com\/2025\/03\/14\/12-onibus-sao-sequestrados-durante-protesto-pela-morte-de-um-ambulante-por-bala-perdida-veja-video\/"},"modified":"2025-03-14T14:53:52","modified_gmt":"2025-03-14T14:53:52","slug":"12-onibus-sao-sequestrados-durante-protesto-pela-morte-de-um-ambulante-por-bala-perdida-veja-video","status":"publish","type":"post","link":"https:\/\/tvbrazilusa.com\/pt\/2025\/03\/14\/12-onibus-sao-sequestrados-durante-protesto-pela-morte-de-um-ambulante-por-bala-perdida-veja-video\/","title":{"rendered":"12 \u00f4nibus s\u00e3o sequestrados durante protesto pela morte de um ambulante por bala perdida; VEJA V\u00cdDEO"},"content":{"rendered":"<p> <script async src=\"https:\/\/pagead2.googlesyndication.com\/pagead\/js\/adsbygoogle.js?client=ca-pub-8864793242727901\"\r\n     crossorigin=\"anonymous\"><\/script><br \/>\n<\/p>\n<div id=\"taboola-read-more\" style=\"display:block; width:100%\">\n<p>A morte de um ambulante por bala perdida provocou um protesto contra a Pol\u00edcia Militar no Complexo do Chapad\u00e3o, uma das comunidades mais violentas do Rio de Janeiro. Marcelo Santos Martins, de 52 anos, morreu atingido por uma bala perdida quando sa\u00eda de casa para trabalhar. Pelo menos 12 \u00f4nibus foram sequestrados e utilizados para fechar o tr\u00e2nsito na regi\u00e3o.\n<\/p>\n<p>ASSISTA:<\/p>\n<p>Portal R7              <\/p>\n<\/div>\n<p><br \/>\n<br \/><a href=\"https:\/\/diariodobrasilnoticias.com.br\/noticia\/12-onibus-sao-sequestrados-durante-protesto-pela-morte-de-um-ambulante-por-bala-perdida-veja-video-67d428b00f3ae\">Source link <\/a><\/p>","protected":false},"excerpt":{"rendered":"<p>A morte de um ambulante por bala perdida provocou um protesto contra a Pol\u00edcia Militar no Complexo do Chapad\u00e3o, uma das comunidades mais violentas do Rio de Janeiro. Marcelo Santos&hellip;<\/p>","protected":false},"author":1,"featured_media":110984,"comment_status":"closed","ping_status":"open","sticky":false,"template":"","format":"standard","meta":{"content-type":"","footnotes":""},"categories":[16],"tags":[123,2448,5313,1267],"class_list":["post-110983","post","type-post","status-publish","format-standard","has-post-thumbnail","hentry","category-noticias","tag-brasil","tag-diario","tag-noticia","tag-noticias"],"_links":{"self":[{"href":"https:\/\/tvbrazilusa.com\/pt\/wp-json\/wp\/v2\/posts\/110983","targetHints":{"allow":["GET"]}}],"collection":[{"href":"https:\/\/tvbrazilusa.com\/pt\/wp-json\/wp\/v2\/posts"}],"about":[{"href":"https:\/\/tvbrazilusa.com\/pt\/wp-json\/wp\/v2\/types\/post"}],"author":[{"embeddable":true,"href":"https:\/\/tvbrazilusa.com\/pt\/wp-json\/wp\/v2\/users\/1"}],"replies":[{"embeddable":true,"href":"https:\/\/tvbrazilusa.com\/pt\/wp-json\/wp\/v2\/comments?post=110983"}],"version-history":[{"count":1,"href":"https:\/\/tvbrazilusa.com\/pt\/wp-json\/wp\/v2\/posts\/110983\/revisions"}],"predecessor-version":[{"id":110985,"href":"https:\/\/tvbrazilusa.com\/pt\/wp-json\/wp\/v2\/posts\/110983\/revisions\/110985"}],"wp:featuredmedia":[{"embeddable":true,"href":"https:\/\/tvbrazilusa.com\/pt\/wp-json\/wp\/v2\/media\/110984"}],"wp:attachment":[{"href":"https:\/\/tvbrazilusa.com\/pt\/wp-json\/wp\/v2\/media?parent=110983"}],"wp:term":[{"taxonomy":"category","embeddable":true,"href":"https:\/\/tvbrazilusa.com\/pt\/wp-json\/wp\/v2\/categories?post=110983"},{"taxonomy":"post_tag","embeddable":true,"href":"https:\/\/tvbrazilusa.com\/pt\/wp-json\/wp\/v2\/tags?post=110983"}],"curies":[{"name":"wp","href":"https:\/\/api.w.org\/{rel}","templated":true}]}}