{"id":110989,"date":"2025-03-14T15:25:54","date_gmt":"2025-03-14T15:25:54","guid":{"rendered":"https:\/\/tvbrazilusa.com\/2025\/03\/14\/no-stf-processos-contra-politicos-enfrentam-lentidao-enquanto-os-de-bolsonaro-seguem-em-ritmo-acelerado\/"},"modified":"2025-03-14T15:25:56","modified_gmt":"2025-03-14T15:25:56","slug":"no-stf-processos-contra-politicos-enfrentam-lentidao-enquanto-os-de-bolsonaro-seguem-em-ritmo-acelerado","status":"publish","type":"post","link":"https:\/\/tvbrazilusa.com\/pt\/2025\/03\/14\/no-stf-processos-contra-politicos-enfrentam-lentidao-enquanto-os-de-bolsonaro-seguem-em-ritmo-acelerado\/","title":{"rendered":"No STF, processos contra pol\u00edticos enfrentam lentid\u00e3o, enquanto os de Bolsonaro seguem em ritmo acelerado"},"content":{"rendered":"<p> <script async src=\"https:\/\/pagead2.googlesyndication.com\/pagead\/js\/adsbygoogle.js?client=ca-pub-8864793242727901\"\r\n     crossorigin=\"anonymous\"><\/script><br \/>\n<\/p>\n<div id=\"taboola-read-more\" style=\"display:block; width:100%\">\n<p>Os processos judiciais no Brasil seguem caminhos distintos. Enquanto algumas a\u00e7\u00f5es contra pol\u00edticos prescrevem devido \u00e0 lentid\u00e3o do sistema, os casos envolvendo Jair Bolsonaro avan\u00e7am em ritmo acelerado.<\/p>\n<p>Desde que assumiu a Presid\u00eancia em 2019, Bolsonaro nunca deixou de ser alvo de investiga\u00e7\u00f5es. Nem mesmo ao deixar o cargo, em 2022, houve qualquer tr\u00e9gua. Agora, em 2024, ele continua enfrentando uma s\u00e9rie de processos, com um deles ganhando destaque pela velocidade com que avan\u00e7a no Supremo Tribunal Federal (STF).<\/p>\n<p>Como noticiou o Conex\u00e3o Pol\u00edtica, o ministro Cristiano Zanin, presidente da Primeira Turma do STF, agendou para os dias 25 e 26 de mar\u00e7o o julgamento da den\u00fancia contra Bolsonaro e outras sete pessoas por suposta tentativa de golpe de Estado. O caso ser\u00e1 analisado em tr\u00eas sess\u00f5es: duas no dia 25, \u00e0s 9h30 e \u00e0s 14h, e uma no dia 26, \u00e0s 9h30. A den\u00fancia foi apresentada pela Procuradoria-Geral da Rep\u00fablica (PGR) e envolve o chamado \u201cn\u00facleo 1\u201d da investiga\u00e7\u00e3o.<\/p>\n<p>A decis\u00e3o de levar o caso \u00e0 Primeira Turma veio ap\u00f3s o relator, ministro Alexandre de Moraes, liberar o processo para julgamento. O colegiado, al\u00e9m de Zanin e Moraes, conta com os ministros Fl\u00e1vio Dino, C\u00e1rmen L\u00facia e Luiz Fux.<\/p>\n<p>Caso a den\u00fancia seja aceita, os acusados se tornar\u00e3o r\u00e9us, e o processo avan\u00e7ar\u00e1 para a fase de instru\u00e7\u00e3o, com coleta de provas, depoimentos e interrogat\u00f3rios.<\/p>\n<p>A escolha da Primeira Turma para o julgamento gerou questionamentos internos no STF. Enquanto mais de 1.450 casos relacionados ao 8 de janeiro foram julgados pelo plen\u00e1rio da Corte, a den\u00fancia contra Bolsonaro e seus aliados ser\u00e1 decidida por um grupo menor de ministros. Um dos integrantes do STF expressou d\u00favida sobre essa mudan\u00e7a de inst\u00e2ncia: \u201cMais de 1.450 casos do \u2018golpe\u2019 foram julgados pelo plen\u00e1rio. Por que esse n\u00e3o seria?\u201d.<\/p>\n<p>O regimento do STF permite que den\u00fancias sejam analisadas tanto no plen\u00e1rio quanto nas turmas, dependendo da natureza do caso. No entanto, crimes comuns supostamente cometidos por presidentes e ministros em exerc\u00edcio s\u00e3o tradicionalmente julgados pelo plen\u00e1rio. Como Bolsonaro n\u00e3o ocupa mais a Presid\u00eancia, o caso ficou sob responsabilidade da Primeira Turma.<\/p>\n<p>Fonte: Conex\u00e3o Pol\u00edtica<\/p>\n<\/p><\/div>\n<p><br \/>\n<br \/><a href=\"https:\/\/diariodobrasilnoticias.com.br\/noticia\/no-stf-processos-contra-politicos-enfrentam-lentidao-enquanto-os-de-bolsonaro-seguem-em-ritmo-acelerado-67d42a54c8f23\">Source link <\/a><\/p>","protected":false},"excerpt":{"rendered":"<p>Os processos judiciais no Brasil seguem caminhos distintos. Enquanto algumas a\u00e7\u00f5es contra pol\u00edticos prescrevem devido \u00e0 lentid\u00e3o do sistema, os casos envolvendo Jair Bolsonaro avan\u00e7am em ritmo acelerado. Desde que&hellip;<\/p>","protected":false},"author":1,"featured_media":110990,"comment_status":"closed","ping_status":"open","sticky":false,"template":"","format":"standard","meta":{"content-type":"","footnotes":""},"categories":[16],"tags":[123,2448,5313,1267],"class_list":["post-110989","post","type-post","status-publish","format-standard","has-post-thumbnail","hentry","category-noticias","tag-brasil","tag-diario","tag-noticia","tag-noticias"],"_links":{"self":[{"href":"https:\/\/tvbrazilusa.com\/pt\/wp-json\/wp\/v2\/posts\/110989","targetHints":{"allow":["GET"]}}],"collection":[{"href":"https:\/\/tvbrazilusa.com\/pt\/wp-json\/wp\/v2\/posts"}],"about":[{"href":"https:\/\/tvbrazilusa.com\/pt\/wp-json\/wp\/v2\/types\/post"}],"author":[{"embeddable":true,"href":"https:\/\/tvbrazilusa.com\/pt\/wp-json\/wp\/v2\/users\/1"}],"replies":[{"embeddable":true,"href":"https:\/\/tvbrazilusa.com\/pt\/wp-json\/wp\/v2\/comments?post=110989"}],"version-history":[{"count":1,"href":"https:\/\/tvbrazilusa.com\/pt\/wp-json\/wp\/v2\/posts\/110989\/revisions"}],"predecessor-version":[{"id":110991,"href":"https:\/\/tvbrazilusa.com\/pt\/wp-json\/wp\/v2\/posts\/110989\/revisions\/110991"}],"wp:featuredmedia":[{"embeddable":true,"href":"https:\/\/tvbrazilusa.com\/pt\/wp-json\/wp\/v2\/media\/110990"}],"wp:attachment":[{"href":"https:\/\/tvbrazilusa.com\/pt\/wp-json\/wp\/v2\/media?parent=110989"}],"wp:term":[{"taxonomy":"category","embeddable":true,"href":"https:\/\/tvbrazilusa.com\/pt\/wp-json\/wp\/v2\/categories?post=110989"},{"taxonomy":"post_tag","embeddable":true,"href":"https:\/\/tvbrazilusa.com\/pt\/wp-json\/wp\/v2\/tags?post=110989"}],"curies":[{"name":"wp","href":"https:\/\/api.w.org\/{rel}","templated":true}]}}