{"id":110992,"date":"2025-03-14T15:38:42","date_gmt":"2025-03-14T15:38:42","guid":{"rendered":"https:\/\/tvbrazilusa.com\/2025\/03\/14\/terremoto-na-italia-causa-destruicao-e-terror-veja-fotos\/"},"modified":"2025-03-14T15:38:44","modified_gmt":"2025-03-14T15:38:44","slug":"terremoto-na-italia-causa-destruicao-e-terror-veja-fotos","status":"publish","type":"post","link":"https:\/\/tvbrazilusa.com\/pt\/2025\/03\/14\/terremoto-na-italia-causa-destruicao-e-terror-veja-fotos\/","title":{"rendered":"Terremoto na It\u00e1lia causa destrui\u00e7\u00e3o e terror; VEJA FOTOS"},"content":{"rendered":"<p> <script async src=\"https:\/\/pagead2.googlesyndication.com\/pagead\/js\/adsbygoogle.js?client=ca-pub-8864793242727901\"\r\n     crossorigin=\"anonymous\"><\/script><br \/>\n<\/p>\n<div id=\"taboola-read-more\" style=\"display:block; width:100%\">\n<p>Na madrugada desta quinta-feira (13), a cidade de N\u00e1poles, no sul da It\u00e1lia, foi abalada por um terremoto de magnitude 4,4 na escala Richter. O epicentro do abalo foi localizado pr\u00f3ximo \u00e0 cidade de Pozzuoli, na regi\u00e3o conhecida como Campos Fl\u00e9greos, uma \u00e1rea marcada por atividade vulc\u00e2nica. O tremor ocorreu por volta de 1h25 da manh\u00e3 no hor\u00e1rio local, levando muitos moradores a buscarem abrigo nas ruas devido ao medo de desabamentos. De acordo com relatos, quatro pessoas ficaram feridas, incluindo uma crian\u00e7a, e onze buscaram atendimento hospitalar. Uma mulher foi resgatada pelos bombeiros ap\u00f3s o teto de seu apartamento desabar no distrito de Bagnoli. \ud83d\udc49 Arraste para o lado e veja fotos.\n<\/p>\n<\/p>\n<p><img decoding=\"async\" src=\"https:\/\/italianismo.com.br\/wp-content\/uploads\/2025\/03\/m872kpt5zrupu3osj0s-U63703116823yXB-1440x752@IlSole24Ore-Web.avif\" alt=\"\" width=\"100%\"\/>\n<\/p>\n<p>Imagem: Alessandro Garofalo\/LaPresse\/AP\n<\/p>\n<p><img decoding=\"async\" src=\"https:\/\/encrypted-tbn0.gstatic.com\/images?q=tbn:ANd9GcTRDh-kie7ebUOpV1Zdm-r0r8dTAwr5ZWJEvg&#038;s\" alt=\"\" width=\"100%\"\/>\n<\/p>\n<p><img decoding=\"async\" src=\"https:\/\/media-manager.noticiasaominuto.com.br\/960\/naom_67d4009509c01.webp\" alt=\"\" width=\"100%\"\/><\/p>\n<p>Fonte: Not\u00edcias ao Minuto              <\/p>\n<\/div>\n<p><br \/>\n<br \/><a href=\"https:\/\/diariodobrasilnoticias.com.br\/noticia\/terremoto-na-italia-causa-destruicao-e-terror-veja-fotos-67d431d53dcd4\">Source link <\/a><\/p>","protected":false},"excerpt":{"rendered":"<p>Na madrugada desta quinta-feira (13), a cidade de N\u00e1poles, no sul da It\u00e1lia, foi abalada por um terremoto de magnitude 4,4 na escala Richter. O epicentro do abalo foi localizado&hellip;<\/p>","protected":false},"author":1,"featured_media":110993,"comment_status":"closed","ping_status":"open","sticky":false,"template":"","format":"standard","meta":{"content-type":"","footnotes":""},"categories":[16],"tags":[123,2448,5313,1267],"class_list":["post-110992","post","type-post","status-publish","format-standard","has-post-thumbnail","hentry","category-noticias","tag-brasil","tag-diario","tag-noticia","tag-noticias"],"_links":{"self":[{"href":"https:\/\/tvbrazilusa.com\/pt\/wp-json\/wp\/v2\/posts\/110992","targetHints":{"allow":["GET"]}}],"collection":[{"href":"https:\/\/tvbrazilusa.com\/pt\/wp-json\/wp\/v2\/posts"}],"about":[{"href":"https:\/\/tvbrazilusa.com\/pt\/wp-json\/wp\/v2\/types\/post"}],"author":[{"embeddable":true,"href":"https:\/\/tvbrazilusa.com\/pt\/wp-json\/wp\/v2\/users\/1"}],"replies":[{"embeddable":true,"href":"https:\/\/tvbrazilusa.com\/pt\/wp-json\/wp\/v2\/comments?post=110992"}],"version-history":[{"count":1,"href":"https:\/\/tvbrazilusa.com\/pt\/wp-json\/wp\/v2\/posts\/110992\/revisions"}],"predecessor-version":[{"id":110994,"href":"https:\/\/tvbrazilusa.com\/pt\/wp-json\/wp\/v2\/posts\/110992\/revisions\/110994"}],"wp:featuredmedia":[{"embeddable":true,"href":"https:\/\/tvbrazilusa.com\/pt\/wp-json\/wp\/v2\/media\/110993"}],"wp:attachment":[{"href":"https:\/\/tvbrazilusa.com\/pt\/wp-json\/wp\/v2\/media?parent=110992"}],"wp:term":[{"taxonomy":"category","embeddable":true,"href":"https:\/\/tvbrazilusa.com\/pt\/wp-json\/wp\/v2\/categories?post=110992"},{"taxonomy":"post_tag","embeddable":true,"href":"https:\/\/tvbrazilusa.com\/pt\/wp-json\/wp\/v2\/tags?post=110992"}],"curies":[{"name":"wp","href":"https:\/\/api.w.org\/{rel}","templated":true}]}}