{"id":110998,"date":"2025-03-14T14:33:26","date_gmt":"2025-03-14T14:33:26","guid":{"rendered":"https:\/\/tvbrazilusa.com\/2025\/03\/14\/governo-lula-e-ruim-ou-pessimo-para-41-diz-ipsos-ipec-paulo-figueiredo-tv-florida-usa-a-sua-tv-brasileira-nos-estados-unidos\/"},"modified":"2025-03-14T16:09:09","modified_gmt":"2025-03-14T16:09:09","slug":"governo-lula-e-ruim-ou-pessimo-para-41-diz-ipsos-ipec-paulo-figueiredo-tv-florida-usa-a-sua-tv-brasileira-nos-estados-unidos","status":"publish","type":"post","link":"https:\/\/tvbrazilusa.com\/pt\/2025\/03\/14\/governo-lula-e-ruim-ou-pessimo-para-41-diz-ipsos-ipec-paulo-figueiredo-tv-florida-usa-a-sua-tv-brasileira-nos-estados-unidos\/","title":{"rendered":"Governo Lula \u00e9 ruim ou p\u00e9ssimo para 41%, diz Ipsos-Ipec \u2013 Paulo Figueiredo \u2013 TV Florida USA \u2013 A sua TV Brasileira nos Estados Unidos"},"content":{"rendered":"<p> <script async src=\"https:\/\/pagead2.googlesyndication.com\/pagead\/js\/adsbygoogle.js?client=ca-pub-8864793242727901\"\r\n     crossorigin=\"anonymous\"><\/script><br \/>\n<\/p>\n<div id=\"wtr-content\" data-bg=\"#FFFFFF\" data-fg=\"#006d91\" data-width=\"25\" data-mute=\"1\" data-fgopacity=\"1.00\" data-mutedopacity=\"0.5\" data-placement=\"bottom\" data-placement-offset=\"0\" data-content-offset=\"262\" data-placement-touch=\"bottom\" data-placement-offset-touch=\"0\" data-transparent=\"\" data-shadow=\"0\" data-touch=\"1\" data-non-touch=\"1\" data-comments=\"0\" data-commentsbg=\"transparent\" data-location=\"page\" data-mutedfg=\"#006d91\" data-endfg=\"#006d91\" data-rtl=\"\">\n<h4 class=\"wp-block-heading\">J\u00e1 os que consideram o trabalho do petista \u00f3timo ou bom s\u00e3o 27% (eram 34% em dezembro de 2024)<\/h4>\n<p>Pesquisa\u00a0Ipsos-Ipec\u00a0divulgada nesta 5\u00aa feira (13.fev.2025) mostra que 41% dos brasileiros avaliam o governo do presidente\u00a0Luiz In\u00e1cio Lula da Silva\u00a0(PT) como \u201c<em>ruim<\/em>\u201d ou \u201c<em>p\u00e9ssimo<\/em>\u201d. Em contrapartida, s\u00f3 27% dizem que consideram o trabalho do governo como \u201c<em>bom<\/em>\u201d ou \u201c<em>\u00f3timo<\/em>\u201d, enquanto 30% avaliaram a administra\u00e7\u00e3o petista como \u201c<em>regular<\/em>\u201d e 1% n\u00e3o souberam responder. <\/p>\n<p>Maior empresa de pesquisas eleitorais do mundo, a francesa Ipsos\u00a0anunciou\u00a0em 26 de fevereiro de 2025 a compra do Ipec (Intelig\u00eancia em Pesquisa e Consultoria Estrat\u00e9gica). O Ipec \u00e9 o antigo Ibope \u2013foi fundado por executivos da empresa.<\/p>\n<p>Os resultados s\u00e3o muito similares aos da pesquisa\u00a0<strong>PoderData<\/strong>\u00a0realizada no final de janeiro. No levantamento, 40% dos brasileiros tinham uma avalia\u00e7\u00e3o negativa do governo Lula, e 24%, uma positiva, enquanto 33% disseram que o trabalho do Executivo era \u201c<em>regular<\/em>\u201d.<\/p>\n<p><strong>Eis a avalia\u00e7\u00e3o do governo, segundo a Ipsos-Ipec:<\/strong><\/p>\n<ul class=\"wp-block-list\">\n<li><strong>ruim\/p\u00e9ssimo<\/strong>\u00a0\u2013 41% (34% em dez.2024);<\/li>\n<li><strong>regular<\/strong>\u00a0\u2013 30% (30% em dez.2024);<\/li>\n<li><strong>\u00f3timo\/bom<\/strong>\u00a0\u2013 27% (34% em dez.2024);<\/li>\n<li><strong>n\u00e3o sabem\u00a0<\/strong>\u2013 1% (2% em dez.2024).<\/li>\n<\/ul>\n<figure class=\"wp-block-image aligncenter size-large\"\/>\n<p>O levantamento tamb\u00e9m avaliou o n\u00edvel de confian\u00e7a no presidente da Rep\u00fablica. Segundo a Ipsos-Ipec, esse \u00edndice caiu 5 pontos percentuais desde setembro de 2024, quando 45% dos brasileiros disseram confiar em Lula. Hoje apenas 40% dizem confiar no presidente, enquanto 58% disseram n\u00e3o confiar.<\/p>\n<p>A pesquisa ainda questionou sobre a avalia\u00e7\u00e3o da maneira de governar do petista. Eis os resultados:<\/p>\n<figure class=\"wp-block-image aligncenter size-large\"><\/figure>\n<p>Foram entrevistados 2.000 eleitores em 131 cidades do Brasil de 7 a 11 de mar\u00e7o de 2025. A margem de erro \u00e9 de 2 pontos percentuais, para mais ou para menos.<\/p>\n<p><strong>Leia no infogr\u00e1fico abaixo o resultado do PoderData de janeiro:<\/strong><\/p>\n<figure class=\"wp-block-image aligncenter size-large is-resized\"><img decoding=\"async\" src=\"https:\/\/static.poder360.com.br\/2025\/01\/pd-avaliacao-lula-29-jan-2025-01-1536x1536.png\" alt=\"\" style=\"width:614px;height:auto\"\/><\/figure>\n<p><strong><a rel=\"nofollow\" target=\"_blank\" href=\"https:\/\/www.poder360.com.br\/poder-governo\/governo-lula-e-ruim-ou-pessimo-para-41-dos-brasileiros-diz-pesquisa\/\">Source link<\/a><\/strong><\/p>\n<\/div>\n<p><br \/>\n<br \/><a href=\"https:\/\/tvfloridausa.com\/2025\/03\/14\/governo-lula-e-ruim-ou-pessimo-para-41-diz-ipsos-ipec-paulo-figueiredo\/\">Source link <\/a><\/p>","protected":false},"excerpt":{"rendered":"<p>J\u00e1 os que consideram o trabalho do petista \u00f3timo ou bom s\u00e3o 27% (eram 34% em dezembro de 2024) Pesquisa\u00a0Ipsos-Ipec\u00a0divulgada nesta 5\u00aa feira (13.fev.2025) mostra que 41% dos brasileiros avaliam&hellip;<\/p>","protected":false},"author":1,"featured_media":110999,"comment_status":"closed","ping_status":"open","sticky":false,"template":"","format":"standard","meta":{"content-type":"","footnotes":""},"categories":[22],"tags":[],"class_list":["post-110998","post","type-post","status-publish","format-standard","has-post-thumbnail","hentry","category-tv-florida-usa"],"_links":{"self":[{"href":"https:\/\/tvbrazilusa.com\/pt\/wp-json\/wp\/v2\/posts\/110998","targetHints":{"allow":["GET"]}}],"collection":[{"href":"https:\/\/tvbrazilusa.com\/pt\/wp-json\/wp\/v2\/posts"}],"about":[{"href":"https:\/\/tvbrazilusa.com\/pt\/wp-json\/wp\/v2\/types\/post"}],"author":[{"embeddable":true,"href":"https:\/\/tvbrazilusa.com\/pt\/wp-json\/wp\/v2\/users\/1"}],"replies":[{"embeddable":true,"href":"https:\/\/tvbrazilusa.com\/pt\/wp-json\/wp\/v2\/comments?post=110998"}],"version-history":[{"count":1,"href":"https:\/\/tvbrazilusa.com\/pt\/wp-json\/wp\/v2\/posts\/110998\/revisions"}],"predecessor-version":[{"id":111000,"href":"https:\/\/tvbrazilusa.com\/pt\/wp-json\/wp\/v2\/posts\/110998\/revisions\/111000"}],"wp:featuredmedia":[{"embeddable":true,"href":"https:\/\/tvbrazilusa.com\/pt\/wp-json\/wp\/v2\/media\/110999"}],"wp:attachment":[{"href":"https:\/\/tvbrazilusa.com\/pt\/wp-json\/wp\/v2\/media?parent=110998"}],"wp:term":[{"taxonomy":"category","embeddable":true,"href":"https:\/\/tvbrazilusa.com\/pt\/wp-json\/wp\/v2\/categories?post=110998"},{"taxonomy":"post_tag","embeddable":true,"href":"https:\/\/tvbrazilusa.com\/pt\/wp-json\/wp\/v2\/tags?post=110998"}],"curies":[{"name":"wp","href":"https:\/\/api.w.org\/{rel}","templated":true}]}}