{"id":111004,"date":"2025-03-14T16:30:22","date_gmt":"2025-03-14T16:30:22","guid":{"rendered":"https:\/\/tvbrazilusa.com\/2025\/03\/14\/aviao-pega-fogo-em-aeroporto-e-passageiros-se-aglomeram-em-asa-veja-video\/"},"modified":"2025-03-14T16:30:24","modified_gmt":"2025-03-14T16:30:24","slug":"aviao-pega-fogo-em-aeroporto-e-passageiros-se-aglomeram-em-asa-veja-video","status":"publish","type":"post","link":"https:\/\/tvbrazilusa.com\/pt\/2025\/03\/14\/aviao-pega-fogo-em-aeroporto-e-passageiros-se-aglomeram-em-asa-veja-video\/","title":{"rendered":"Avi\u00e3o pega fogo em aeroporto, e passageiros se aglomeram em asa; VEJA V\u00cdDEO"},"content":{"rendered":"<p> <script async src=\"https:\/\/pagead2.googlesyndication.com\/pagead\/js\/adsbygoogle.js?client=ca-pub-8864793242727901\"\r\n     crossorigin=\"anonymous\"><\/script><br \/>\n<\/p>\n<div id=\"taboola-read-more\" style=\"display:block; width:100%\">\n<p>Um avi\u00e3o da American Airlines pegou fogo no aeroporto de Denver, nos Estados Unidos, nesta quinta-feira (13). Equipes do aeroporto informaram \u00e0 imprensa americana que o incidente n\u00e3o deixou feridos.\n<\/p>\n<p>Segundo funcion\u00e1rios do Aeroporto Internacional de Denver, o inc\u00eandio foi controlado.<\/p>\n<p>A Administra\u00e7\u00e3o Federal de Avia\u00e7\u00e3o dos Estados Unidos (FAA) informou \u00e0 imprensa que o voo desviou da rota e pousou com seguran\u00e7a em Denver ap\u00f3s a tripula\u00e7\u00e3o sentir &#8220;vibra\u00e7\u00f5es no motor&#8221;. Ainda segundo o \u00f3rg\u00e3o, enquanto taxeava, um dos motores da aeronave come\u00e7ou a pegar fogo e os passageiros tiveram que evacuar o avi\u00e3o por escorregadores.\n<\/p>\n<p>O voo tinha o destino inicial para o Aeroporto Internacional de Dallas, em Forth Worth.\n<\/p>\n<p>A FAA tamb\u00e9m revelou que o avi\u00e3o \u00e9 do modelo Boeing 737-800, o mesmo que explodiu na Cor\u00e9ia do Sul no final do ano passado.\u00a0\n<\/p>\n<p>Segundo a American Airlines, 172 passageiros e seis tripulantes evacuaram o avi\u00e3o. A empresa disse, ainda, que os clientes est\u00e3o sendo realocados em outros voos.\n<\/p>\n<p>Imagens compartilhadas em redes sociais mostram passageiros aglomerados em uma das asas da aeronave aguardando resgate. \u00c9 poss\u00edvel ver que ela estava estacionada no terminal, indicando que havia uma opera\u00e7\u00e3o de embarque ou desembarque ocorrendo.\n<\/p>\n<p>ASSISTA:\n<\/p>\n<article id=\"artigo-texto\" class=\"blog-article\">\n<\/article><\/div>\n<p><br \/>\n<br \/><a href=\"https:\/\/diariodobrasilnoticias.com.br\/noticia\/aviao-pega-fogo-em-aeroporto-e-passageiros-se-aglomeram-em-asa-veja-video-67d439e8aabba\">Source link <\/a><\/p>","protected":false},"excerpt":{"rendered":"<p>Um avi\u00e3o da American Airlines pegou fogo no aeroporto de Denver, nos Estados Unidos, nesta quinta-feira (13). Equipes do aeroporto informaram \u00e0 imprensa americana que o incidente n\u00e3o deixou feridos.&hellip;<\/p>","protected":false},"author":1,"featured_media":111005,"comment_status":"closed","ping_status":"open","sticky":false,"template":"","format":"standard","meta":{"content-type":"","footnotes":""},"categories":[16],"tags":[123,2448,5313,1267],"class_list":["post-111004","post","type-post","status-publish","format-standard","has-post-thumbnail","hentry","category-noticias","tag-brasil","tag-diario","tag-noticia","tag-noticias"],"_links":{"self":[{"href":"https:\/\/tvbrazilusa.com\/pt\/wp-json\/wp\/v2\/posts\/111004","targetHints":{"allow":["GET"]}}],"collection":[{"href":"https:\/\/tvbrazilusa.com\/pt\/wp-json\/wp\/v2\/posts"}],"about":[{"href":"https:\/\/tvbrazilusa.com\/pt\/wp-json\/wp\/v2\/types\/post"}],"author":[{"embeddable":true,"href":"https:\/\/tvbrazilusa.com\/pt\/wp-json\/wp\/v2\/users\/1"}],"replies":[{"embeddable":true,"href":"https:\/\/tvbrazilusa.com\/pt\/wp-json\/wp\/v2\/comments?post=111004"}],"version-history":[{"count":1,"href":"https:\/\/tvbrazilusa.com\/pt\/wp-json\/wp\/v2\/posts\/111004\/revisions"}],"predecessor-version":[{"id":111006,"href":"https:\/\/tvbrazilusa.com\/pt\/wp-json\/wp\/v2\/posts\/111004\/revisions\/111006"}],"wp:featuredmedia":[{"embeddable":true,"href":"https:\/\/tvbrazilusa.com\/pt\/wp-json\/wp\/v2\/media\/111005"}],"wp:attachment":[{"href":"https:\/\/tvbrazilusa.com\/pt\/wp-json\/wp\/v2\/media?parent=111004"}],"wp:term":[{"taxonomy":"category","embeddable":true,"href":"https:\/\/tvbrazilusa.com\/pt\/wp-json\/wp\/v2\/categories?post=111004"},{"taxonomy":"post_tag","embeddable":true,"href":"https:\/\/tvbrazilusa.com\/pt\/wp-json\/wp\/v2\/tags?post=111004"}],"curies":[{"name":"wp","href":"https:\/\/api.w.org\/{rel}","templated":true}]}}