{"id":111013,"date":"2025-03-14T17:11:20","date_gmt":"2025-03-14T17:11:20","guid":{"rendered":"https:\/\/tvbrazilusa.com\/2025\/03\/14\/psol-denuncia-baby-do-brasil-ao-ministerio-publico-por-perdao-a-abusadores\/"},"modified":"2025-03-14T17:11:25","modified_gmt":"2025-03-14T17:11:25","slug":"psol-denuncia-baby-do-brasil-ao-ministerio-publico-por-perdao-a-abusadores","status":"publish","type":"post","link":"https:\/\/tvbrazilusa.com\/pt\/2025\/03\/14\/psol-denuncia-baby-do-brasil-ao-ministerio-publico-por-perdao-a-abusadores\/","title":{"rendered":"PSOL denuncia Baby do Brasil ao Minist\u00e9rio P\u00fablico por perd\u00e3o a abusadores"},"content":{"rendered":"<p> <script async src=\"https:\/\/pagead2.googlesyndication.com\/pagead\/js\/adsbygoogle.js?client=ca-pub-8864793242727901\"\r\n     crossorigin=\"anonymous\"><\/script><br \/>\n<\/p>\n<div id=\"taboola-read-more\" style=\"display:block; width:100%\">\n<p>O Minist\u00e9rio P\u00fablico de S\u00e3o Paulo (MP-SP) foi acionado pela deputada federal S\u00e2mia Bomfim (PSOL-SP) contra a cantora Baby do Brasil que, durante u culto na capital paulista, orientou os presentes que foram v\u00edtimas de abuso sexual a perdoarem seus abusadores.\n<\/p>\n<p>Para a parlamentar de extrema-esquerda, a fala da cantora \u201cultrapassa os limites da liberdade religiosa\u201d e acusa Baby do Brasil de estar \u201cfavorecendo abusadores e desconsiderando o impacto psicol\u00f3gico e f\u00edsico das viol\u00eancias sofridas pelas v\u00edtimas\u201d.<\/p>\n<p>Em ministra\u00e7\u00e3o realizada nesta segunda-feira (10), a cantora declarou:\n<\/p>\n<p>\u2013 Perdoa tudo o que voc\u00ea tiver no seu cora\u00e7\u00e3o aqui, hoje, nesse lugar. Perdoa. Se teve abuso sexual, perdoa. Se foi da fam\u00edlia, perdoa.\n<\/p>\n<p>O trecho do culto viralizou nas redes sociais e a ex-vocalista dos Novos Baianos passou a sofrer ataques.\n<\/p>\n<p>Na representa\u00e7\u00e3o enviada ao MP-SP, a psolista chega a dizer que a \u201cincita\u00e7\u00e3o ao perd\u00e3o incondicional de crimes sexuais, que pode resultar no desencorajamento de v\u00edtimas a denunciar seus agressores\u201d.\n<\/p>\n<p>Por isso, S\u00e2mia quer que Baby do Brasil seja investigada por incita\u00e7\u00e3o ao crime e por condescend\u00eancia criminosa.<\/p>\n<p>Fonte: Pleno News              <\/p>\n<\/div>\n<p><br \/>\n<br \/><a href=\"https:\/\/diariodobrasilnoticias.com.br\/noticia\/psol-denuncia-baby-do-brasil-ao-ministerio-publico-por-perdao-a-abusadores-67d43c1d16831\">Source link <\/a><\/p>","protected":false},"excerpt":{"rendered":"<p>O Minist\u00e9rio P\u00fablico de S\u00e3o Paulo (MP-SP) foi acionado pela deputada federal S\u00e2mia Bomfim (PSOL-SP) contra a cantora Baby do Brasil que, durante u culto na capital paulista, orientou os&hellip;<\/p>","protected":false},"author":1,"featured_media":111014,"comment_status":"closed","ping_status":"open","sticky":false,"template":"","format":"standard","meta":{"content-type":"","footnotes":""},"categories":[16],"tags":[123,2448,5313,1267],"class_list":["post-111013","post","type-post","status-publish","format-standard","has-post-thumbnail","hentry","category-noticias","tag-brasil","tag-diario","tag-noticia","tag-noticias"],"_links":{"self":[{"href":"https:\/\/tvbrazilusa.com\/pt\/wp-json\/wp\/v2\/posts\/111013","targetHints":{"allow":["GET"]}}],"collection":[{"href":"https:\/\/tvbrazilusa.com\/pt\/wp-json\/wp\/v2\/posts"}],"about":[{"href":"https:\/\/tvbrazilusa.com\/pt\/wp-json\/wp\/v2\/types\/post"}],"author":[{"embeddable":true,"href":"https:\/\/tvbrazilusa.com\/pt\/wp-json\/wp\/v2\/users\/1"}],"replies":[{"embeddable":true,"href":"https:\/\/tvbrazilusa.com\/pt\/wp-json\/wp\/v2\/comments?post=111013"}],"version-history":[{"count":1,"href":"https:\/\/tvbrazilusa.com\/pt\/wp-json\/wp\/v2\/posts\/111013\/revisions"}],"predecessor-version":[{"id":111015,"href":"https:\/\/tvbrazilusa.com\/pt\/wp-json\/wp\/v2\/posts\/111013\/revisions\/111015"}],"wp:featuredmedia":[{"embeddable":true,"href":"https:\/\/tvbrazilusa.com\/pt\/wp-json\/wp\/v2\/media\/111014"}],"wp:attachment":[{"href":"https:\/\/tvbrazilusa.com\/pt\/wp-json\/wp\/v2\/media?parent=111013"}],"wp:term":[{"taxonomy":"category","embeddable":true,"href":"https:\/\/tvbrazilusa.com\/pt\/wp-json\/wp\/v2\/categories?post=111013"},{"taxonomy":"post_tag","embeddable":true,"href":"https:\/\/tvbrazilusa.com\/pt\/wp-json\/wp\/v2\/tags?post=111013"}],"curies":[{"name":"wp","href":"https:\/\/api.w.org\/{rel}","templated":true}]}}