{"id":111031,"date":"2025-03-14T18:12:09","date_gmt":"2025-03-14T18:12:09","guid":{"rendered":"https:\/\/tvbrazilusa.com\/2025\/03\/14\/governo-pede-atencao-para-doenca-misteriosa-que-causa-vermelhidao\/"},"modified":"2025-03-14T18:12:11","modified_gmt":"2025-03-14T18:12:11","slug":"governo-pede-atencao-para-doenca-misteriosa-que-causa-vermelhidao","status":"publish","type":"post","link":"https:\/\/tvbrazilusa.com\/pt\/2025\/03\/14\/governo-pede-atencao-para-doenca-misteriosa-que-causa-vermelhidao\/","title":{"rendered":"Governo pede aten\u00e7\u00e3o para doen\u00e7a misteriosa que causa vermelhid\u00e3o"},"content":{"rendered":"<p> <script async src=\"https:\/\/pagead2.googlesyndication.com\/pagead\/js\/adsbygoogle.js?client=ca-pub-8864793242727901\"\r\n     crossorigin=\"anonymous\"><\/script><br \/>\n<\/p>\n<div id=\"taboola-read-more\" style=\"display:block; width:100%\">\n<p>O m\u00e9dico Alexandre Motta, secret\u00e1rio estadual de Sa\u00fade do Rio Grande do Norte, divulgou um v\u00eddeo de alerta \u00e0 popula\u00e7\u00e3o sobre uma doen\u00e7a misteriosa que vem intrigando especialistas. Segundo ele, a enfermidade apresenta um quadro exantem\u00e1tico (relativo a erup\u00e7\u00f5es cut\u00e2neas, isto \u00e9, surgimento de manchas e erup\u00e7\u00f5es na pele) que se diferencia das demais, j\u00e1 que n\u00e3o causa febre ou outros sintomas associados.\n<\/p>\n<p>De acordo com o secret\u00e1rio, os pacientes desenvolvem uma intensa vermelhid\u00e3o na pele e relatam sentir uma coceira muito forte. \u201cA pessoa fica toda empolada, avermelhada e bastante pruriginosa\u201d, descreveu o m\u00e9dico.<\/p>\n<p>Motta orienta que qualquer pessoa que apresente esses sinais procure atendimento m\u00e9dico imediatamente. Ele ressalta a import\u00e2ncia de os profissionais de sa\u00fade notificarem os casos ao setor de vigil\u00e2ncia da Secretaria de Sa\u00fade para que uma investiga\u00e7\u00e3o detalhada seja iniciada. Al\u00e9m disso, recomenda que os m\u00e9dicos solicitem exames para doen\u00e7as exantem\u00e1ticas e encaminhem as amostras coletadas para an\u00e1lise no Laborat\u00f3rio Central de Sa\u00fade P\u00fablica do RN (LACEN).\n<\/p>\n<p>O alerta do secret\u00e1rio visa garantir uma resposta r\u00e1pida das autoridades sanit\u00e1rias e prevenir poss\u00edveis complica\u00e7\u00f5es, enquanto se busca identificar a origem e o comportamento da doen\u00e7a.<\/p>\n<article id=\"artigo-texto\" class=\"blog-article\">\n<div id=\"artigo-texto-content\">\n<p>Com informa\u00e7\u00f5es de Portal 96 FM\n<\/p>\n<\/div>\n<\/article>\n<\/div>\n<p><br \/>\n<br \/><a href=\"https:\/\/diariodobrasilnoticias.com.br\/noticia\/governo-pede-atencao-para-doenca-misteriosa-que-causa-vermelhidao-67d450d383ec8\">Source link <\/a><\/p>","protected":false},"excerpt":{"rendered":"<p>O m\u00e9dico Alexandre Motta, secret\u00e1rio estadual de Sa\u00fade do Rio Grande do Norte, divulgou um v\u00eddeo de alerta \u00e0 popula\u00e7\u00e3o sobre uma doen\u00e7a misteriosa que vem intrigando especialistas. Segundo ele,&hellip;<\/p>","protected":false},"author":1,"featured_media":111032,"comment_status":"closed","ping_status":"open","sticky":false,"template":"","format":"standard","meta":{"content-type":"","footnotes":""},"categories":[16],"tags":[123,2448,5313,1267],"class_list":["post-111031","post","type-post","status-publish","format-standard","has-post-thumbnail","hentry","category-noticias","tag-brasil","tag-diario","tag-noticia","tag-noticias"],"_links":{"self":[{"href":"https:\/\/tvbrazilusa.com\/pt\/wp-json\/wp\/v2\/posts\/111031","targetHints":{"allow":["GET"]}}],"collection":[{"href":"https:\/\/tvbrazilusa.com\/pt\/wp-json\/wp\/v2\/posts"}],"about":[{"href":"https:\/\/tvbrazilusa.com\/pt\/wp-json\/wp\/v2\/types\/post"}],"author":[{"embeddable":true,"href":"https:\/\/tvbrazilusa.com\/pt\/wp-json\/wp\/v2\/users\/1"}],"replies":[{"embeddable":true,"href":"https:\/\/tvbrazilusa.com\/pt\/wp-json\/wp\/v2\/comments?post=111031"}],"version-history":[{"count":1,"href":"https:\/\/tvbrazilusa.com\/pt\/wp-json\/wp\/v2\/posts\/111031\/revisions"}],"predecessor-version":[{"id":111033,"href":"https:\/\/tvbrazilusa.com\/pt\/wp-json\/wp\/v2\/posts\/111031\/revisions\/111033"}],"wp:featuredmedia":[{"embeddable":true,"href":"https:\/\/tvbrazilusa.com\/pt\/wp-json\/wp\/v2\/media\/111032"}],"wp:attachment":[{"href":"https:\/\/tvbrazilusa.com\/pt\/wp-json\/wp\/v2\/media?parent=111031"}],"wp:term":[{"taxonomy":"category","embeddable":true,"href":"https:\/\/tvbrazilusa.com\/pt\/wp-json\/wp\/v2\/categories?post=111031"},{"taxonomy":"post_tag","embeddable":true,"href":"https:\/\/tvbrazilusa.com\/pt\/wp-json\/wp\/v2\/tags?post=111031"}],"curies":[{"name":"wp","href":"https:\/\/api.w.org\/{rel}","templated":true}]}}