{"id":111034,"date":"2025-03-14T17:52:30","date_gmt":"2025-03-14T17:52:30","guid":{"rendered":"https:\/\/tvbrazilusa.com\/2025\/03\/14\/parque-regional-de-losco-para-ser-renomeado-apos-dick-kravitz-vereador-que-tornou-isso-possivel-jacksonville-hoje\/"},"modified":"2025-03-14T18:15:17","modified_gmt":"2025-03-14T18:15:17","slug":"parque-regional-de-losco-para-ser-renomeado-apos-dick-kravitz-vereador-que-tornou-isso-possivel-jacksonville-hoje","status":"publish","type":"post","link":"https:\/\/tvbrazilusa.com\/pt\/2025\/03\/14\/parque-regional-de-losco-para-ser-renomeado-apos-dick-kravitz-vereador-que-tornou-isso-possivel-jacksonville-hoje\/","title":{"rendered":"Parque Regional de Losco para ser renomeado ap\u00f3s Dick Kravitz, vereador que tornou isso poss\u00edvel | Jacksonville hoje"},"content":{"rendered":"<p> <script async src=\"https:\/\/pagead2.googlesyndication.com\/pagead\/js\/adsbygoogle.js?client=ca-pub-8864793242727901\"\r\n     crossorigin=\"anonymous\"><\/script><br \/>\n<\/p>\n<div>\n<p>Um parque regional de 21 anos, no cora\u00e7\u00e3o de Mandarin, ser\u00e1 renomeado em homenagem ao ex-membro do Conselho da Cidade de Jacksonville que a tornou realidade.<\/p>\n<p>O que agora \u00e9 o Parque Regional de Losco em 10931 Hood Road S. Em breve se tornar\u00e1 o Richard H. &#8220;Dick&#8221; Kravitz<br \/>Parque Regional por aprova\u00e7\u00e3o un\u00e2nime do Conselho da Cidade, enquanto se aguarda a assinatura do prefeito. <\/p>\n<p>Kravitz uma vez representou a \u00e1rea de mandarim. Seu atual sucessor, Michael Boylan, membro do Conselho da Cidade, e cinco co-patrocinadores registraram o projeto de lei que mudou o nome, que diz que Kravitz serviu \u00e0 comunidade como membro do conselho e legislador estadual por mais de duas d\u00e9cadas &#8220;com capacidade e integridade&#8221;.<\/p>\n<p>&#8220;(Ele era) um defensor incans\u00e1vel de trazer a aquisi\u00e7\u00e3o, desenvolvimento e melhorias de parques necess\u00e1rios para os parques existentes na \u00e1rea de mandarim em r\u00e1pido crescimento, corrigindo falhas passadas em fornecer recursos recreativos adequados para atender aos padr\u00f5es da cidade &#8230; como a popula\u00e7\u00e3o da \u00e1rea explodiu&#8221;, disse a legisla\u00e7\u00e3o. <\/p>\n<p>Kravitz diz <em>Jacksonville hoje<\/em> Ele se sente honrado pelo voto un\u00e2nime. Ele se lembra de como a comunidade que ele representou no final dos anos 80 e at\u00e9 a d\u00e9cada seguinte foi necess\u00e1ria para o espa\u00e7o do parque para atletismo juvenil e muito mais.<\/p>\n<p>\u201cFomos muito baixos, e essa foi uma das minhas prioridades, porque o mandarim cresceu t\u00e3o r\u00e1pido que eles deixaram a infraestrutura para tr\u00e1s. Estradas, tudo. Foi uma recupera\u00e7\u00e3o. Ent\u00e3o, quer\u00edamos nos ocupar nos campos esportivos, fazer melhorias e colocar ilumina\u00e7\u00e3o sobre elas \u201d, diz ele. &#8220;Fico feliz que as crian\u00e7as agora tenham mais oportunidade de brincar.&#8221;<\/p>\n<figure class=\"wp-block-image size-large\"><figcaption class=\"wp-element-caption\">Dick Kravitz. | Dick Kravitz via Facebook<\/figcaption><\/figure>\n<p>Kravitz se mudou para Jacksonville em 1963, depois de obter um mestrado em administra\u00e7\u00e3o esportiva pela Universidade de Ohio. Ele serviu como GM para o time de beisebol do Jacksonville Suns, agora conhecido como o camar\u00e3o Jumbo. Ele foi nomeado em 1979 como diretor executivo da Comiss\u00e3o de Esportes e Entretenimento de Jacksonville.<\/p>\n<p>O cargo eleito ligou em 1987, quando Kravitz ingressou no Conselho da Cidade de Jacksonville. Ele foi reeleito sem oposi\u00e7\u00e3o em 1991 e em 1995, atuando como presidente do conselho para o ano do conselho de 1995-96. Kravitz serviu na C\u00e2mara dos Deputados da Fl\u00f3rida de 2000 a 2008. <\/p>\n<p>A cidade adicionou ou melhorou substancialmente 17 parques durante o mandato do Conselho da Cidade de Kravitz, incluindo Tommy Hazouri, Parque Sr. Sr. (anteriormente Parque Regional Mandarin), Palmetto sai do Parque Regional, o Julington Durbin Creek Nature Preserve e o Walter Jones Historical Park. E bem no meio do mandarim suburbano do movimentado San Jose Boulevard, ele ajudou a se converter um ex -aterro particular no Rogers Park for Youth Soccer.<\/p>\n<p>&#8220;Naquela \u00e9poca, as crian\u00e7as que estavam jogando futebol em mandarim tiveram que ir ao campo de Mills no condado de St. Johns&#8221;, disse Kravitz. &#8220;Suas fam\u00edlias estavam pagando impostos aqui.&#8221;  <\/p>\n<p>Os parques tamb\u00e9m incluem o Parque Regional de 210 acres de Losco, em breve ser\u00e1 seu hom\u00f4nimo. A cidade o adquiriu em 1998 com uma concess\u00e3o estadual de US $ 3,8 milh\u00f5es e a concluiu em 2004 com campos de futebol e esportes. Os planos exigem que um centro natural e trilhas sejam adicionados ao futuro parque Kravitz. <\/p>\n<p>A sinaliza\u00e7\u00e3o que reflete o novo nome deve ser instalada no parque em meados de abril, dizem as autoridades da cidade. <\/p>\n<\/div>\n<p><br \/>\n<br \/><a href=\"https:\/\/jaxtoday.org\/2025\/03\/14\/losco-regional-park-to-be-renamed-after-dick-kravitz-councilman-who-made-it-possible\/\">Source link <\/a><\/p>","protected":false},"excerpt":{"rendered":"<p>Um parque regional de 21 anos, no cora\u00e7\u00e3o de Mandarin, ser\u00e1 renomeado em homenagem ao ex-membro do Conselho da Cidade de Jacksonville que a tornou realidade. O que agora \u00e9&hellip;<\/p>","protected":false},"author":1,"featured_media":111035,"comment_status":"closed","ping_status":"open","sticky":false,"template":"","format":"standard","meta":{"content-type":"","footnotes":""},"categories":[1],"tags":[],"class_list":["post-111034","post","type-post","status-publish","format-standard","has-post-thumbnail","hentry","category-uncategorized"],"_links":{"self":[{"href":"https:\/\/tvbrazilusa.com\/pt\/wp-json\/wp\/v2\/posts\/111034","targetHints":{"allow":["GET"]}}],"collection":[{"href":"https:\/\/tvbrazilusa.com\/pt\/wp-json\/wp\/v2\/posts"}],"about":[{"href":"https:\/\/tvbrazilusa.com\/pt\/wp-json\/wp\/v2\/types\/post"}],"author":[{"embeddable":true,"href":"https:\/\/tvbrazilusa.com\/pt\/wp-json\/wp\/v2\/users\/1"}],"replies":[{"embeddable":true,"href":"https:\/\/tvbrazilusa.com\/pt\/wp-json\/wp\/v2\/comments?post=111034"}],"version-history":[{"count":1,"href":"https:\/\/tvbrazilusa.com\/pt\/wp-json\/wp\/v2\/posts\/111034\/revisions"}],"predecessor-version":[{"id":111036,"href":"https:\/\/tvbrazilusa.com\/pt\/wp-json\/wp\/v2\/posts\/111034\/revisions\/111036"}],"wp:featuredmedia":[{"embeddable":true,"href":"https:\/\/tvbrazilusa.com\/pt\/wp-json\/wp\/v2\/media\/111035"}],"wp:attachment":[{"href":"https:\/\/tvbrazilusa.com\/pt\/wp-json\/wp\/v2\/media?parent=111034"}],"wp:term":[{"taxonomy":"category","embeddable":true,"href":"https:\/\/tvbrazilusa.com\/pt\/wp-json\/wp\/v2\/categories?post=111034"},{"taxonomy":"post_tag","embeddable":true,"href":"https:\/\/tvbrazilusa.com\/pt\/wp-json\/wp\/v2\/tags?post=111034"}],"curies":[{"name":"wp","href":"https:\/\/api.w.org\/{rel}","templated":true}]}}