{"id":111043,"date":"2025-03-14T18:52:39","date_gmt":"2025-03-14T18:52:39","guid":{"rendered":"https:\/\/tvbrazilusa.com\/2025\/03\/14\/baby-do-brasil-se-pronuncia-apos-incentivar-perdao-a-abusadores-confira\/"},"modified":"2025-03-14T18:52:40","modified_gmt":"2025-03-14T18:52:40","slug":"baby-do-brasil-se-pronuncia-apos-incentivar-perdao-a-abusadores-confira","status":"publish","type":"post","link":"https:\/\/tvbrazilusa.com\/pt\/2025\/03\/14\/baby-do-brasil-se-pronuncia-apos-incentivar-perdao-a-abusadores-confira\/","title":{"rendered":"Baby do Brasil se pronuncia ap\u00f3s incentivar perd\u00e3o a abusadores; CONFIRA"},"content":{"rendered":"<p> <script async src=\"https:\/\/pagead2.googlesyndication.com\/pagead\/js\/adsbygoogle.js?client=ca-pub-8864793242727901\"\r\n     crossorigin=\"anonymous\"><\/script><br \/>\n<\/p>\n<div id=\"taboola-read-more\" style=\"display:block; width:100%\">\n<p>Baby do Brasil se pronunciou ap\u00f3s a repercuss\u00e3o negativa de sua fala proferida durante um culto na D-Edge em que pede para que as pessoas perdoem seus abusadores. Em um v\u00eddeo nesta sexta-feira (14), ela frisou que \u201cjamais defenderia abusadores de qualquer esp\u00e9cie\u201d, porque \u00e9 \u201ccontra qualquer tipo de abuso\u201d. Destacou ainda que estava se referindo ao \u201cperd\u00e3o que liberta\u201d a v\u00edtima, n\u00e3o do que \u201cabre m\u00e3o da justi\u00e7a\u201d.\n<\/p>\n<p>\u2013 Eu estou falando do perd\u00e3o que liberta (\u2026) Eu n\u00e3o estou falando do perd\u00e3o que \u00e9 para abrir m\u00e3o da justi\u00e7a, eu n\u00e3o estou falando do perd\u00e3o que inocenta algu\u00e9m do seu erro. \u00c9 o perd\u00e3o que tira de mim os gatilhos que v\u00e3o me acompanhar a vida inteira se eu tiver, dentro de mim, essa dor, essa tristeza, essa m\u00e1goa \u2013 completou.<\/p>\n<p>\u2013 Agora todos podem comprovar pela minha pr\u00f3pria boca sobre o que eu disse em um culto, a respeito do perd\u00e3o espiritual e profundo, que nos liberta dos gatilhos emocionais e traumas, que carregamos por consequ\u00eancia dos mesmos. Culto esse aberto para todas as pessoas que foram buscar o amor de Deus \u2013 escreveu ela na legenda.\n<\/p>\n<p>\u2013 Aproveito, para deixar mais uma vez bem claro que tamb\u00e9m n\u00e3o sou homof\u00f3bica, que a op\u00e7\u00e3o sexual \u00e9 de escolha de cada um e que todos n\u00f3s devemos ser respeitados. Entrego nas m\u00e3os de Deus todas as acusa\u00e7\u00f5es e todos os cortes de v\u00eddeos, falas e etc., descontextualizados, que possam confundir ou causar interpreta\u00e7\u00f5es equivocadas ou distorcidas \u2013 finalizou.\n<\/p>\n<p>Na \u00faltima segunda-feira (10), v\u00eddeos de Baby do Brasil viralizaram com a fala da cantora durante o culto evang\u00e9lico \u201cFrequ\u00eancia de Deus\u201d, realizado na D-Edge, casa de eventos localizada na Barra Funda, em S\u00e3o Paulo. O dono do local, Renato Ratier, tamb\u00e9m esteve presente no evento e se pronunciou na tarde desta quarta (12):\n<\/p>\n<p>\u2013 Antes de mais nada, quero expressar meu profundo respeito a todas as pessoas que foram atingidas por declara\u00e7\u00f5es de terceiros durante o culto e reafirmar os valores que sempre guiaram a minha trajet\u00f3ria. Jamais foi a minha inten\u00e7\u00e3o ferir ou desrespeitar qualquer pessoa \u2013 adicionou.\n<\/p>\n<p>*AE\n<\/p>\n<p>Fonte: Pleno News              <\/p>\n<\/div>\n<p><br \/>\n<br \/><a href=\"https:\/\/diariodobrasilnoticias.com.br\/noticia\/baby-do-brasil-se-pronuncia-apos-incentivar-perdao-a-abusadores-confira-67d4578355e0e\">Source link <\/a><\/p>","protected":false},"excerpt":{"rendered":"<p>Baby do Brasil se pronunciou ap\u00f3s a repercuss\u00e3o negativa de sua fala proferida durante um culto na D-Edge em que pede para que as pessoas perdoem seus abusadores. Em um&hellip;<\/p>","protected":false},"author":1,"featured_media":111044,"comment_status":"closed","ping_status":"open","sticky":false,"template":"","format":"standard","meta":{"content-type":"","footnotes":""},"categories":[16],"tags":[123,2448,5313,1267],"class_list":["post-111043","post","type-post","status-publish","format-standard","has-post-thumbnail","hentry","category-noticias","tag-brasil","tag-diario","tag-noticia","tag-noticias"],"_links":{"self":[{"href":"https:\/\/tvbrazilusa.com\/pt\/wp-json\/wp\/v2\/posts\/111043","targetHints":{"allow":["GET"]}}],"collection":[{"href":"https:\/\/tvbrazilusa.com\/pt\/wp-json\/wp\/v2\/posts"}],"about":[{"href":"https:\/\/tvbrazilusa.com\/pt\/wp-json\/wp\/v2\/types\/post"}],"author":[{"embeddable":true,"href":"https:\/\/tvbrazilusa.com\/pt\/wp-json\/wp\/v2\/users\/1"}],"replies":[{"embeddable":true,"href":"https:\/\/tvbrazilusa.com\/pt\/wp-json\/wp\/v2\/comments?post=111043"}],"version-history":[{"count":1,"href":"https:\/\/tvbrazilusa.com\/pt\/wp-json\/wp\/v2\/posts\/111043\/revisions"}],"predecessor-version":[{"id":111045,"href":"https:\/\/tvbrazilusa.com\/pt\/wp-json\/wp\/v2\/posts\/111043\/revisions\/111045"}],"wp:featuredmedia":[{"embeddable":true,"href":"https:\/\/tvbrazilusa.com\/pt\/wp-json\/wp\/v2\/media\/111044"}],"wp:attachment":[{"href":"https:\/\/tvbrazilusa.com\/pt\/wp-json\/wp\/v2\/media?parent=111043"}],"wp:term":[{"taxonomy":"category","embeddable":true,"href":"https:\/\/tvbrazilusa.com\/pt\/wp-json\/wp\/v2\/categories?post=111043"},{"taxonomy":"post_tag","embeddable":true,"href":"https:\/\/tvbrazilusa.com\/pt\/wp-json\/wp\/v2\/tags?post=111043"}],"curies":[{"name":"wp","href":"https:\/\/api.w.org\/{rel}","templated":true}]}}