{"id":111046,"date":"2025-03-14T19:04:10","date_gmt":"2025-03-14T19:04:10","guid":{"rendered":"https:\/\/tvbrazilusa.com\/2025\/03\/14\/diplomata-da-colombia-e-baleada-durante-tentativa-de-assalto-no-brasil\/"},"modified":"2025-03-14T19:04:15","modified_gmt":"2025-03-14T19:04:15","slug":"diplomata-da-colombia-e-baleada-durante-tentativa-de-assalto-no-brasil","status":"publish","type":"post","link":"https:\/\/tvbrazilusa.com\/pt\/2025\/03\/14\/diplomata-da-colombia-e-baleada-durante-tentativa-de-assalto-no-brasil\/","title":{"rendered":"Diplomata da Col\u00f4mbia \u00e9 baleada durante tentativa de assalto no Brasil"},"content":{"rendered":"<p> <script async src=\"https:\/\/pagead2.googlesyndication.com\/pagead\/js\/adsbygoogle.js?client=ca-pub-8864793242727901\"\r\n     crossorigin=\"anonymous\"><\/script><br \/>\n<\/p>\n<div id=\"taboola-read-more\" style=\"display:block; width:100%\">\n<p>A vice-consulesa da Col\u00f4mbia Claudia Ortiz Vaca foi baleada durante uma tentativa de assalto na Avenida Nove de Julho, nos Jardins, na regi\u00e3o central de S\u00e3o Paulo, na manh\u00e3 desta sexta-feira, 14.\n<\/p>\n<p>Claudia n\u00e3o era o alvo do tiro, mas foi atingida por um disparo durante um assalto contra uma mulher que estava dentro de um t\u00e1xi. Ela e o taxista reagiram. Um policial de folga viu a rea\u00e7\u00e3o, interveio e houve trocas de tiros. A diplomata passava a p\u00e9 pela avenida e foi atingida na altura da cintura.<\/p>\n<p>Em nota, a Secretaria de Seguran\u00e7a P\u00fablica informou que a Pol\u00edcia Civil investiga uma tentativa de assalto ocorrida na manh\u00e3 desta sexta-feira, 14, na Avenida Nove de Julho. \u201cUm dos criminosos foi detido e o outro conseguiu fugir. Todas as circunst\u00e2ncias dos fatos s\u00e3o apurados e a PM acompanha a investiga\u00e7\u00e3o\u201d, informa nota da SSP.\n<\/p>\n<p>Col\u00f4mbia confirma disparo contra diplomata em tentativa de assalto<br \/>Conforme o Minist\u00e9rio das Rela\u00e7\u00f5es Exteriores da Col\u00f4mbia, Claudia passa por cirurgia na manh\u00e3 desta sexta e seu quadro de sa\u00fade era est\u00e1vel.\n<\/p>\n<p>\u201cO Minist\u00e9rio das Rela\u00e7\u00f5es Exteriores informa que, nas \u00faltimas horas, nossa vice-c\u00f4nsul em S\u00e3o Paulo \u2013 Brasil, Claudia Ortiz Vaca, foi v\u00edtima de um disparo, que, segundo as investiga\u00e7\u00f5es preliminares das autoridades brasileiras, foi uma bala perdida em meio a um assalto a outras pessoas. De acordo com o boletim m\u00e9dico, a vice-c\u00f4nsul est\u00e1 sendo operada, mas se encontra est\u00e1vel. O Consulado acompanhar\u00e1 o desenrolar da situa\u00e7\u00e3o e prestar\u00e1 apoio a vice-c\u00f4nsul e sua fam\u00edlia a todo momento\u201d, informa nota do Consulado da Col\u00f4mbia.\n<\/p>\n<p>O caso ocorreu pouco antes das 8 horas. Segundo comerciantes da regi\u00e3o, ao menos tr\u00eas disparos foram ouvidos, mas somente um teria atingido a v\u00edtima, que caminhava pela cal\u00e7ada.\n<\/p>\n<p>O Itamaraty tamb\u00e9m acompanha o caso.\n<\/p>\n<p>Fonte: Revista Oeste              <\/p>\n<\/div>\n<p><br \/>\n<br \/><a href=\"https:\/\/diariodobrasilnoticias.com.br\/noticia\/diplomata-da-colombia-e-baleada-durante-tentativa-de-assalto-no-brasil-67d45a846e444\">Source link <\/a><\/p>","protected":false},"excerpt":{"rendered":"<p>A vice-consulesa da Col\u00f4mbia Claudia Ortiz Vaca foi baleada durante uma tentativa de assalto na Avenida Nove de Julho, nos Jardins, na regi\u00e3o central de S\u00e3o Paulo, na manh\u00e3 desta&hellip;<\/p>","protected":false},"author":1,"featured_media":111047,"comment_status":"closed","ping_status":"open","sticky":false,"template":"","format":"standard","meta":{"content-type":"","footnotes":""},"categories":[16],"tags":[123,2448,5313,1267],"class_list":["post-111046","post","type-post","status-publish","format-standard","has-post-thumbnail","hentry","category-noticias","tag-brasil","tag-diario","tag-noticia","tag-noticias"],"_links":{"self":[{"href":"https:\/\/tvbrazilusa.com\/pt\/wp-json\/wp\/v2\/posts\/111046","targetHints":{"allow":["GET"]}}],"collection":[{"href":"https:\/\/tvbrazilusa.com\/pt\/wp-json\/wp\/v2\/posts"}],"about":[{"href":"https:\/\/tvbrazilusa.com\/pt\/wp-json\/wp\/v2\/types\/post"}],"author":[{"embeddable":true,"href":"https:\/\/tvbrazilusa.com\/pt\/wp-json\/wp\/v2\/users\/1"}],"replies":[{"embeddable":true,"href":"https:\/\/tvbrazilusa.com\/pt\/wp-json\/wp\/v2\/comments?post=111046"}],"version-history":[{"count":1,"href":"https:\/\/tvbrazilusa.com\/pt\/wp-json\/wp\/v2\/posts\/111046\/revisions"}],"predecessor-version":[{"id":111048,"href":"https:\/\/tvbrazilusa.com\/pt\/wp-json\/wp\/v2\/posts\/111046\/revisions\/111048"}],"wp:featuredmedia":[{"embeddable":true,"href":"https:\/\/tvbrazilusa.com\/pt\/wp-json\/wp\/v2\/media\/111047"}],"wp:attachment":[{"href":"https:\/\/tvbrazilusa.com\/pt\/wp-json\/wp\/v2\/media?parent=111046"}],"wp:term":[{"taxonomy":"category","embeddable":true,"href":"https:\/\/tvbrazilusa.com\/pt\/wp-json\/wp\/v2\/categories?post=111046"},{"taxonomy":"post_tag","embeddable":true,"href":"https:\/\/tvbrazilusa.com\/pt\/wp-json\/wp\/v2\/tags?post=111046"}],"curies":[{"name":"wp","href":"https:\/\/api.w.org\/{rel}","templated":true}]}}