{"id":111049,"date":"2025-03-14T19:15:44","date_gmt":"2025-03-14T19:15:44","guid":{"rendered":"https:\/\/tvbrazilusa.com\/2025\/03\/14\/presidente-da-oab-sp-critica-stf-por-ampliar-poder-com-decisao-sobre-foro-privilegiado\/"},"modified":"2025-03-14T19:15:46","modified_gmt":"2025-03-14T19:15:46","slug":"presidente-da-oab-sp-critica-stf-por-ampliar-poder-com-decisao-sobre-foro-privilegiado","status":"publish","type":"post","link":"https:\/\/tvbrazilusa.com\/pt\/2025\/03\/14\/presidente-da-oab-sp-critica-stf-por-ampliar-poder-com-decisao-sobre-foro-privilegiado\/","title":{"rendered":"Presidente da OAB-SP critica STF por ampliar poder com decis\u00e3o sobre foro privilegiado"},"content":{"rendered":"<p> <script async src=\"https:\/\/pagead2.googlesyndication.com\/pagead\/js\/adsbygoogle.js?client=ca-pub-8864793242727901\"\r\n     crossorigin=\"anonymous\"><\/script><br \/>\n<\/p>\n<div id=\"taboola-read-more\" style=\"display:block; width:100%\">\n<p>O criminalista Leonardo Sica, presidente da Ordem dos Advogados do Brasil (OAB) de S\u00e3o Paulo, criticou a decis\u00e3o do Supremo Tribunal Federal (STF) de ampliar o alcance do foro privilegiado.\n<\/p>\n<p>Sica argumenta que a mudan\u00e7a refor\u00e7a o poder da Corte e compromete sua imparcialidade. O jurista concedeu entrevista ao jornal O Estado de S. Paulo.<\/p>\n<p>O Supremo j\u00e1 havia restringido o foro privilegiado em 2018 para reduzir o volume de a\u00e7\u00f5es criminais. De l\u00e1 para c\u00e1, a Corte s\u00f3 julgava congressistas se os casos tivessem rela\u00e7\u00e3o com o mandato.\n<\/p>\n<p>No entanto, com a nova decis\u00e3o, os crimes funcionais continuar\u00e3o sob jurisdi\u00e7\u00e3o do STF, mesmo depois da sa\u00edda do cargo.\n<\/p>\n<p>\u201cUm tribunal que julga todos os pol\u00edticos \u00e9 um tribunal que acaba se politizando\u201d, disse Sica. \u201cO Supremo reclama do excesso de processos, com raz\u00e3o, mas toma uma decis\u00e3o que vai aumentar o n\u00famero de processos.\u201d\n<\/p>\n<p>Sica afirma que essa mudan\u00e7a deve prolongar a compet\u00eancia do STF por anos. Se um parlamentar for investigado no \u00faltimo ciclo do mandato, o \u201cSupremo vai ficar com aquele processo por quatro, cinco anos\u201d.\n<\/p>\n<p>Ele tamb\u00e9m diz que a amplia\u00e7\u00e3o prejudica o direito de defesa, pois elimina a possibilidade de recurso a inst\u00e2ncias superiores.\n<\/p>\n<p>Sica ressalta que autoridades j\u00e1 consideraram o foro privilegiado um benef\u00edcio exclusivo. Atualmente, algumas preferem abrir m\u00e3o da prerrogativa para julgamento na primeira inst\u00e2ncia.\n<\/p>\n<p>O jurista afirma que o foro no STF deve ser restrito ao presidente da Rep\u00fablica, aos ministros de Estado e aos magistrados de tribunais superiores.\n<\/p>\n<p>Decis\u00e3o do STF contradiz queixas sobre volume de trabalho<br \/>Sica considera que o STF desvia seu foco ao acumular investiga\u00e7\u00f5es e a\u00e7\u00f5es criminais. Para ele, o Supremo precisa recuperar seu papel de \u201cCorte constitucional\u201d.\n<\/p>\n<p>Ele critica a sobrecarga de processos e afirma que a decis\u00e3o recente contradiz as pr\u00f3prias queixas dos ministros sobre o volume de trabalho.\n<\/p>\n<p>\u201cOs ministros vivem reclamando do excesso de processos, e eles acabaram tomando uma decis\u00e3o para aumentar o n\u00famero de processos\u201d, disse o jurista. \u201cEnt\u00e3o, acho isso um contrassenso.\u201d\n<\/p>\n<p>O presidente da OAB de S\u00e3o Paulo afirma que as regras sobre foro privilegiado devem ser estabelecidas por lei, n\u00e3o por jurisprud\u00eancia. Ele recorda que pa\u00edses como Jap\u00e3o, Argentina e Estados Unidos n\u00e3o concedem foro especial a parlamentares.\n<\/p>\n<p>Na Fran\u00e7a, por exemplo, essa prerrogativa se restringe ao chefe do Executivo e a ministros de Estado.\n<\/p>\n<p>\u201cVeja, se voc\u00ea pegar todos os deputados e devolver o julgamento de cada deputado para o seu Estado, seja para o Tribunal Regional Federal ou para o Tribunal de Justi\u00e7a do Estado, a gente vai dispersar essa concentra\u00e7\u00e3o\u201d, concluiu Sica.\n<\/p>\n<p>Fonte: Revista Oeste              <\/p>\n<\/div>\n<p><br \/>\n<br \/><a href=\"https:\/\/diariodobrasilnoticias.com.br\/noticia\/presidente-da-oab-sp-critica-stf-por-ampliar-poder-com-decisao-sobre-foro-privilegiado-67d45907cd833\">Source link <\/a><\/p>","protected":false},"excerpt":{"rendered":"<p>O criminalista Leonardo Sica, presidente da Ordem dos Advogados do Brasil (OAB) de S\u00e3o Paulo, criticou a decis\u00e3o do Supremo Tribunal Federal (STF) de ampliar o alcance do foro privilegiado.&hellip;<\/p>","protected":false},"author":1,"featured_media":111050,"comment_status":"closed","ping_status":"open","sticky":false,"template":"","format":"standard","meta":{"content-type":"","footnotes":""},"categories":[16],"tags":[123,2448,5313,1267],"class_list":["post-111049","post","type-post","status-publish","format-standard","has-post-thumbnail","hentry","category-noticias","tag-brasil","tag-diario","tag-noticia","tag-noticias"],"_links":{"self":[{"href":"https:\/\/tvbrazilusa.com\/pt\/wp-json\/wp\/v2\/posts\/111049","targetHints":{"allow":["GET"]}}],"collection":[{"href":"https:\/\/tvbrazilusa.com\/pt\/wp-json\/wp\/v2\/posts"}],"about":[{"href":"https:\/\/tvbrazilusa.com\/pt\/wp-json\/wp\/v2\/types\/post"}],"author":[{"embeddable":true,"href":"https:\/\/tvbrazilusa.com\/pt\/wp-json\/wp\/v2\/users\/1"}],"replies":[{"embeddable":true,"href":"https:\/\/tvbrazilusa.com\/pt\/wp-json\/wp\/v2\/comments?post=111049"}],"version-history":[{"count":1,"href":"https:\/\/tvbrazilusa.com\/pt\/wp-json\/wp\/v2\/posts\/111049\/revisions"}],"predecessor-version":[{"id":111051,"href":"https:\/\/tvbrazilusa.com\/pt\/wp-json\/wp\/v2\/posts\/111049\/revisions\/111051"}],"wp:featuredmedia":[{"embeddable":true,"href":"https:\/\/tvbrazilusa.com\/pt\/wp-json\/wp\/v2\/media\/111050"}],"wp:attachment":[{"href":"https:\/\/tvbrazilusa.com\/pt\/wp-json\/wp\/v2\/media?parent=111049"}],"wp:term":[{"taxonomy":"category","embeddable":true,"href":"https:\/\/tvbrazilusa.com\/pt\/wp-json\/wp\/v2\/categories?post=111049"},{"taxonomy":"post_tag","embeddable":true,"href":"https:\/\/tvbrazilusa.com\/pt\/wp-json\/wp\/v2\/tags?post=111049"}],"curies":[{"name":"wp","href":"https:\/\/api.w.org\/{rel}","templated":true}]}}