{"id":111052,"date":"2025-03-14T19:27:22","date_gmt":"2025-03-14T19:27:22","guid":{"rendered":"https:\/\/tvbrazilusa.com\/2025\/03\/14\/gonet-decide-arquivar-investigacoes-sobre-gastos-de-janja-em-viagens\/"},"modified":"2025-03-14T19:27:23","modified_gmt":"2025-03-14T19:27:23","slug":"gonet-decide-arquivar-investigacoes-sobre-gastos-de-janja-em-viagens","status":"publish","type":"post","link":"https:\/\/tvbrazilusa.com\/pt\/2025\/03\/14\/gonet-decide-arquivar-investigacoes-sobre-gastos-de-janja-em-viagens\/","title":{"rendered":"Gonet decide arquivar investiga\u00e7\u00f5es sobre gastos de Janja em viagens"},"content":{"rendered":"<p> <script async src=\"https:\/\/pagead2.googlesyndication.com\/pagead\/js\/adsbygoogle.js?client=ca-pub-8864793242727901\"\r\n     crossorigin=\"anonymous\"><\/script><br \/>\n<\/p>\n<div id=\"taboola-read-more\" style=\"display:block; width:100%\">\n<p>O procurador-geral da Rep\u00fablica, Paulo Gonet, decidiu arquivar as den\u00fancias feitas por parlamentares da oposi\u00e7\u00e3o sobre os gastos nas viagens da primeira-dama Ros\u00e2ngela da Silva, conhecida como Janja.\n<\/p>\n<p>Gonet justificou sua decis\u00e3o com a falta de elementos m\u00ednimos que indicassem a pr\u00e1tica de qualquer il\u00edcito c\u00edvel ou penal nos pedidos apresentados.<\/p>\n<p>Em sua decis\u00e3o, Gonet afirmou que a participa\u00e7\u00e3o de Janja em eventos oficiais n\u00e3o configura inger\u00eancia indevida na administra\u00e7\u00e3o do Executivo.\n<\/p>\n<p>Ele afirmou que \u00e9 prerrogativa do presidente da Rep\u00fablica delegar ao c\u00f4njuge atos protocolares com o objetivo de alcan\u00e7ar melhores resultados diplom\u00e1ticos, pr\u00e1tica comum e historicamente consolidada.\n<\/p>\n<p>Gonet compara Janja a Darcy Vargas\n<\/p>\n<p>O procurador-geral ressaltou a tradi\u00e7\u00e3o do papel social das primeiras-damas no Brasil, comparando Janja a Darcy Vargas, mulher do ex-presidente Get\u00falio Vargas.\n<\/p>\n<p>Darcy teve papel importante na cria\u00e7\u00e3o e na dire\u00e7\u00e3o da Legi\u00e3o Brasileira de Assist\u00eancia, uma institui\u00e7\u00e3o de fins assistenciais, exemplificando essa tradi\u00e7\u00e3o. Gonet tamb\u00e9m disse que as representa\u00e7\u00f5es apresentadas n\u00e3o trouxeram elementos de desvio de recursos p\u00fablicos.\n<\/p>\n<p>O que se observou foram express\u00f5es de descontentamento com os custos das atividades, que, segundo ele, s\u00e3o p\u00fablicos e justificados, n\u00e3o cabendo ao Minist\u00e9rio P\u00fablico investigar sua legalidade.\n<\/p>\n<p>Viagens internacionais e seus custos<br \/>Entre os gastos questionados, destaca-se a viagem da primeira-dama a Roma, em fevereiro de 2023, que custou cerca de R$ 260 mil ao governo federal.\n<\/p>\n<p>Janja foi designada pelo presidente Luiz In\u00e1cio Lula da Silva (PT) para representar o Brasil em uma reuni\u00e3o do Fundo Internacional de Desenvolvimento Agr\u00edcola. No ano anterior, a viagem de Janja \u00e0 Olimp\u00edada de Paris resultou em um custo de R$ 83,6 mil.\n<\/p>\n<p>Durante essa viagem, ela viajou em voo comercial e, ao desembarcar na Fran\u00e7a, recebeu tratamento de chefe de Estado, incluindo desembarque priorit\u00e1rio e sa\u00edda por uma \u00e1rea reservada a autoridades.\n<\/p>\n<p>Por fim, Paulo Gonet concluiu sua decis\u00e3o ao afirmar que, na aus\u00eancia de evid\u00eancias de irregularidades atribu\u00edveis \u00e0 primeira-dama, n\u00e3o h\u00e1 justa causa para autorizar procedimento investigat\u00f3rio.<\/p>\n<p>Fonte: Revista Oeste              <\/p>\n<\/div>\n<p><br \/>\n<br \/><a href=\"https:\/\/diariodobrasilnoticias.com.br\/noticia\/gonet-decide-arquivar-investigacoes-sobre-gastos-de-janja-em-viagens-67d45b523d4da\">Source link <\/a><\/p>","protected":false},"excerpt":{"rendered":"<p>O procurador-geral da Rep\u00fablica, Paulo Gonet, decidiu arquivar as den\u00fancias feitas por parlamentares da oposi\u00e7\u00e3o sobre os gastos nas viagens da primeira-dama Ros\u00e2ngela da Silva, conhecida como Janja. Gonet justificou&hellip;<\/p>","protected":false},"author":1,"featured_media":111053,"comment_status":"closed","ping_status":"open","sticky":false,"template":"","format":"standard","meta":{"content-type":"","footnotes":""},"categories":[16],"tags":[123,2448,5313,1267],"class_list":["post-111052","post","type-post","status-publish","format-standard","has-post-thumbnail","hentry","category-noticias","tag-brasil","tag-diario","tag-noticia","tag-noticias"],"_links":{"self":[{"href":"https:\/\/tvbrazilusa.com\/pt\/wp-json\/wp\/v2\/posts\/111052","targetHints":{"allow":["GET"]}}],"collection":[{"href":"https:\/\/tvbrazilusa.com\/pt\/wp-json\/wp\/v2\/posts"}],"about":[{"href":"https:\/\/tvbrazilusa.com\/pt\/wp-json\/wp\/v2\/types\/post"}],"author":[{"embeddable":true,"href":"https:\/\/tvbrazilusa.com\/pt\/wp-json\/wp\/v2\/users\/1"}],"replies":[{"embeddable":true,"href":"https:\/\/tvbrazilusa.com\/pt\/wp-json\/wp\/v2\/comments?post=111052"}],"version-history":[{"count":1,"href":"https:\/\/tvbrazilusa.com\/pt\/wp-json\/wp\/v2\/posts\/111052\/revisions"}],"predecessor-version":[{"id":111054,"href":"https:\/\/tvbrazilusa.com\/pt\/wp-json\/wp\/v2\/posts\/111052\/revisions\/111054"}],"wp:featuredmedia":[{"embeddable":true,"href":"https:\/\/tvbrazilusa.com\/pt\/wp-json\/wp\/v2\/media\/111053"}],"wp:attachment":[{"href":"https:\/\/tvbrazilusa.com\/pt\/wp-json\/wp\/v2\/media?parent=111052"}],"wp:term":[{"taxonomy":"category","embeddable":true,"href":"https:\/\/tvbrazilusa.com\/pt\/wp-json\/wp\/v2\/categories?post=111052"},{"taxonomy":"post_tag","embeddable":true,"href":"https:\/\/tvbrazilusa.com\/pt\/wp-json\/wp\/v2\/tags?post=111052"}],"curies":[{"name":"wp","href":"https:\/\/api.w.org\/{rel}","templated":true}]}}