{"id":111067,"date":"2025-03-14T20:19:54","date_gmt":"2025-03-14T20:19:54","guid":{"rendered":"https:\/\/tvbrazilusa.com\/2025\/03\/14\/o-aperto-de-alckmin-durante-uma-reuniao-tensa-entre-os-ministros-de-lula\/"},"modified":"2025-03-14T20:19:55","modified_gmt":"2025-03-14T20:19:55","slug":"o-aperto-de-alckmin-durante-uma-reuniao-tensa-entre-os-ministros-de-lula","status":"publish","type":"post","link":"https:\/\/tvbrazilusa.com\/pt\/2025\/03\/14\/o-aperto-de-alckmin-durante-uma-reuniao-tensa-entre-os-ministros-de-lula\/","title":{"rendered":"O aperto de Alckmin durante uma reuni\u00e3o tensa entre os ministros de Lula"},"content":{"rendered":"<p> <script async src=\"https:\/\/pagead2.googlesyndication.com\/pagead\/js\/adsbygoogle.js?client=ca-pub-8864793242727901\"\r\n     crossorigin=\"anonymous\"><\/script><br \/>\n<\/p>\n<div id=\"taboola-read-more\" style=\"display:block; width:100%\">\n<p>Foi feia a briga entre ministros de Lula durante uma reuni\u00e3o no Pal\u00e1cio do Planalto, na semana passada, em que se discutiu a alta dos alimentos e uma surreal ideia de impor cotas a exporta\u00e7\u00f5es de produtos. Coube ao vice-presidente Geraldo Alckmin dar um fim ao entrevero.\n<\/p>\n<p>O vice entrou na sala j\u00e1 com \u201cpau quebrando\u201d, nas palavras de um interlocutor dele, e teve que apartar a discuss\u00e3o entre Rui Costa (Casa Civil), Paulo Teixeira (Desenvolvimento Agr\u00e1rio) e Carlos F\u00e1varo (Agricultura).<\/p>\n<p>Como ningu\u00e9m se entendia, foi Alckmin quem decidiu o que seria anunciado \u2014 e ponto final.\n<\/p>\n<p>O vice-presidente foi escalado por Lula para gerenciar a crise por um motivo bizarro: evitar choques de Rui Costas com outros ministros. O petista chefe da Casa Civil \u00e9 at\u00e9 bloqueado no WhatsApp de alguns colegas.\n<\/p>\n<p>Fonte: Veja              <\/p>\n<\/div>\n<p><br \/>\n<br \/><a href=\"https:\/\/diariodobrasilnoticias.com.br\/noticia\/o-aperto-de-alckmin-durante-uma-reuniao-tensa-entre-os-ministros-de-lula-67d4793978fe4\">Source link <\/a><\/p>","protected":false},"excerpt":{"rendered":"<p>Foi feia a briga entre ministros de Lula durante uma reuni\u00e3o no Pal\u00e1cio do Planalto, na semana passada, em que se discutiu a alta dos alimentos e uma surreal ideia&hellip;<\/p>","protected":false},"author":1,"featured_media":111068,"comment_status":"closed","ping_status":"open","sticky":false,"template":"","format":"standard","meta":{"content-type":"","footnotes":""},"categories":[16],"tags":[123,2448,5313,1267],"class_list":["post-111067","post","type-post","status-publish","format-standard","has-post-thumbnail","hentry","category-noticias","tag-brasil","tag-diario","tag-noticia","tag-noticias"],"_links":{"self":[{"href":"https:\/\/tvbrazilusa.com\/pt\/wp-json\/wp\/v2\/posts\/111067","targetHints":{"allow":["GET"]}}],"collection":[{"href":"https:\/\/tvbrazilusa.com\/pt\/wp-json\/wp\/v2\/posts"}],"about":[{"href":"https:\/\/tvbrazilusa.com\/pt\/wp-json\/wp\/v2\/types\/post"}],"author":[{"embeddable":true,"href":"https:\/\/tvbrazilusa.com\/pt\/wp-json\/wp\/v2\/users\/1"}],"replies":[{"embeddable":true,"href":"https:\/\/tvbrazilusa.com\/pt\/wp-json\/wp\/v2\/comments?post=111067"}],"version-history":[{"count":1,"href":"https:\/\/tvbrazilusa.com\/pt\/wp-json\/wp\/v2\/posts\/111067\/revisions"}],"predecessor-version":[{"id":111069,"href":"https:\/\/tvbrazilusa.com\/pt\/wp-json\/wp\/v2\/posts\/111067\/revisions\/111069"}],"wp:featuredmedia":[{"embeddable":true,"href":"https:\/\/tvbrazilusa.com\/pt\/wp-json\/wp\/v2\/media\/111068"}],"wp:attachment":[{"href":"https:\/\/tvbrazilusa.com\/pt\/wp-json\/wp\/v2\/media?parent=111067"}],"wp:term":[{"taxonomy":"category","embeddable":true,"href":"https:\/\/tvbrazilusa.com\/pt\/wp-json\/wp\/v2\/categories?post=111067"},{"taxonomy":"post_tag","embeddable":true,"href":"https:\/\/tvbrazilusa.com\/pt\/wp-json\/wp\/v2\/tags?post=111067"}],"curies":[{"name":"wp","href":"https:\/\/api.w.org\/{rel}","templated":true}]}}