{"id":111070,"date":"2025-03-14T20:31:50","date_gmt":"2025-03-14T20:31:50","guid":{"rendered":"https:\/\/tvbrazilusa.com\/2025\/03\/14\/pcdob-psol-e-psb-os-deputados-que-devem-contar-com-a-ajuda-do-stf-para-serem-eleitos\/"},"modified":"2025-03-14T20:31:55","modified_gmt":"2025-03-14T20:31:55","slug":"pcdob-psol-e-psb-os-deputados-que-devem-contar-com-a-ajuda-do-stf-para-serem-eleitos","status":"publish","type":"post","link":"https:\/\/tvbrazilusa.com\/pt\/2025\/03\/14\/pcdob-psol-e-psb-os-deputados-que-devem-contar-com-a-ajuda-do-stf-para-serem-eleitos\/","title":{"rendered":"PCdoB, Psol e PSB: os deputados que devem contar com a ajuda do STF para serem &#8216;eleitos&#8217;"},"content":{"rendered":"<p> <script async src=\"https:\/\/pagead2.googlesyndication.com\/pagead\/js\/adsbygoogle.js?client=ca-pub-8864793242727901\"\r\n     crossorigin=\"anonymous\"><\/script><br \/>\n<\/p>\n<div id=\"taboola-read-more\" style=\"display:block; width:100%\">\n<p>Em virtude de o Supremo Tribunal Federal (STF) ter reinterpretado as sobras eleitorais, na quinta-feira 13, sete deputados devem ser \u201ccassados\u201d.\n<\/p>\n<p>Dessa forma, os mandatos ser\u00e3o assumidos por outras pessoas. Conforme o rearranjo das siglas, a nova composi\u00e7\u00e3o pode ficar da seguinte forma:<\/p>\n<ul>\n<li>Sai Professora Goreth (PDT-AP), entra Professora Marciv\u00e2nia (PCdoB-AP);<\/li>\n<li>Sai Silvia Wai\u00e3pi (PL-AP), entra Paulo Lemos (Psol-AP);<\/li>\n<li>Sai Sonize Barbosa (PL-AP), entra Andr\u00e9 Abdon (PP-AP);<\/li>\n<li>Sai Gilvan M\u00e1ximo (Republicanos-DF), entra Rodrigo Rollemberg (PSB-DF);<\/li>\n<li>Sai Lebr\u00e3o (Uni\u00e3o Brasil-RO), entra Rafael Bento (Podemos-RO);<\/li>\n<li>Sai L\u00e1zaro Botelho (PP-TO), entra Tiago Dimas (Podemos-TO);<\/li>\n<li>Sai Augusto Puppio (MDB-AP) e entra Aline Gurgel (Republicanos-AP).<\/li>\n<\/ul>\n<p>O STF se debru\u00e7ou sobre um recurso apresentado pela Rede Sustentabilidade. O placar foi de 6 a 5. Votaram pela manuten\u00e7\u00e3o dos mandatos os ministros Andr\u00e9 Mendon\u00e7a, C\u00e1rmen L\u00facia, Lu\u00eds Roberto Barroso, Edson Fachin e Luiz Fux; pela cassa\u00e7\u00e3o, Nunes Marques, Alexandre de Moraes, Dias Toffoli, Fl\u00e1vio Dino, Cristiano Zanin e Gilmar Mendes. Agora, o caso ser\u00e1 encaminhada ao Tribunal Superior Eleitoral para refazer os c\u00e1lculos e definir quem assumir\u00e1 os mandatos.\n<\/p>\n<p><strong>Vota\u00e7\u00e3o no STF sobre sobras eleitorais que atingiram deputados<\/strong>\n<\/p>\n<p>Em fevereiro de 2024, o STF considerou inconstitucional uma mudan\u00e7a na regra das sobras eleitorais aprovada pelo Congresso em 2021 \u2014 que foi aplicada nas elei\u00e7\u00f5es de 2022. Depois, voltaram ao tema para definir se a decis\u00e3o valeria de 2024 em diante ou retroativamente, vigorando desde 2021.\n<\/p>\n<p>Ao decidirem que a mudan\u00e7a seria retroativa, o efeito foi a interfer\u00eancia no resultado das elei\u00e7\u00f5es de 2022, que afetou deputados que assumiram mandato com base na regra invalidada.\n<\/p>\n<p>Resumidamente, os que os substituem s\u00e3o aqueles que teriam direito \u00e0s sobras eleitorais pela regra vigente antes da mudan\u00e7a de 2021. De acordo com essa norma, as vagas das \u201csobras\u201d s\u00f3 poderiam ser ocupadas por partidos que tivessem pelo menos 80% do quociente eleitoral e por candidatos com votos em n\u00famero igual ou superior a 20% desse quociente.\n<\/p>\n<p>Fonte: Revista Oeste              <\/p>\n<\/div>\n<p><br \/>\n<br \/><a href=\"https:\/\/diariodobrasilnoticias.com.br\/noticia\/pcdob-psol-e-psb-os-deputados-que-devem-contar-com-a-ajuda-do-stf-para-serem-eleitos-67d47a8188b0e\">Source link <\/a><\/p>","protected":false},"excerpt":{"rendered":"<p>Em virtude de o Supremo Tribunal Federal (STF) ter reinterpretado as sobras eleitorais, na quinta-feira 13, sete deputados devem ser \u201ccassados\u201d. Dessa forma, os mandatos ser\u00e3o assumidos por outras pessoas.&hellip;<\/p>","protected":false},"author":1,"featured_media":111071,"comment_status":"closed","ping_status":"open","sticky":false,"template":"","format":"standard","meta":{"content-type":"","footnotes":""},"categories":[16],"tags":[123,2448,5313,1267],"class_list":["post-111070","post","type-post","status-publish","format-standard","has-post-thumbnail","hentry","category-noticias","tag-brasil","tag-diario","tag-noticia","tag-noticias"],"_links":{"self":[{"href":"https:\/\/tvbrazilusa.com\/pt\/wp-json\/wp\/v2\/posts\/111070","targetHints":{"allow":["GET"]}}],"collection":[{"href":"https:\/\/tvbrazilusa.com\/pt\/wp-json\/wp\/v2\/posts"}],"about":[{"href":"https:\/\/tvbrazilusa.com\/pt\/wp-json\/wp\/v2\/types\/post"}],"author":[{"embeddable":true,"href":"https:\/\/tvbrazilusa.com\/pt\/wp-json\/wp\/v2\/users\/1"}],"replies":[{"embeddable":true,"href":"https:\/\/tvbrazilusa.com\/pt\/wp-json\/wp\/v2\/comments?post=111070"}],"version-history":[{"count":1,"href":"https:\/\/tvbrazilusa.com\/pt\/wp-json\/wp\/v2\/posts\/111070\/revisions"}],"predecessor-version":[{"id":111072,"href":"https:\/\/tvbrazilusa.com\/pt\/wp-json\/wp\/v2\/posts\/111070\/revisions\/111072"}],"wp:featuredmedia":[{"embeddable":true,"href":"https:\/\/tvbrazilusa.com\/pt\/wp-json\/wp\/v2\/media\/111071"}],"wp:attachment":[{"href":"https:\/\/tvbrazilusa.com\/pt\/wp-json\/wp\/v2\/media?parent=111070"}],"wp:term":[{"taxonomy":"category","embeddable":true,"href":"https:\/\/tvbrazilusa.com\/pt\/wp-json\/wp\/v2\/categories?post=111070"},{"taxonomy":"post_tag","embeddable":true,"href":"https:\/\/tvbrazilusa.com\/pt\/wp-json\/wp\/v2\/tags?post=111070"}],"curies":[{"name":"wp","href":"https:\/\/api.w.org\/{rel}","templated":true}]}}