{"id":111073,"date":"2025-03-14T20:47:57","date_gmt":"2025-03-14T20:47:57","guid":{"rendered":"https:\/\/tvbrazilusa.com\/2025\/03\/14\/lula-diz-querer-saber-quem-e-pilantra-que-provocou-aumento-do-preco-do-ovo\/"},"modified":"2025-03-14T20:48:01","modified_gmt":"2025-03-14T20:48:01","slug":"lula-diz-querer-saber-quem-e-pilantra-que-provocou-aumento-do-preco-do-ovo","status":"publish","type":"post","link":"https:\/\/tvbrazilusa.com\/pt\/2025\/03\/14\/lula-diz-querer-saber-quem-e-pilantra-que-provocou-aumento-do-preco-do-ovo\/","title":{"rendered":"Lula diz querer saber quem \u00e9 &#8216;pilantra&#8217; que provocou aumento do pre\u00e7o do ovo"},"content":{"rendered":"<p> <script async src=\"https:\/\/pagead2.googlesyndication.com\/pagead\/js\/adsbygoogle.js?client=ca-pub-8864793242727901\"\r\n     crossorigin=\"anonymous\"><\/script><br \/>\n<\/p>\n<div id=\"taboola-read-more\" style=\"display:block; width:100%\">\n<p>O presidente Luiz In\u00e1cio Lula da Silva disse nesta sexta-feira (14) que seu governo est\u00e1 trabalhando para descobrir quem \u00e9 o &#8220;pilantra&#8221;, nas palavras dele, que provocou o aumento do pre\u00e7o do ovo no pa\u00eds, afirmando que n\u00e3o h\u00e1 justificativas para essa eleva\u00e7\u00e3o.\n<\/p>\n<p>&#8220;N\u00e3o tem explica\u00e7\u00e3o para o ovo estar caro. Algu\u00e9m est\u00e1 passando a m\u00e3o e n\u00f3s queremos saber quem \u00e9&#8221;, disse o presidente em discurso durante cerim\u00f4nia em Sorocaba (SP) para entrega de ambul\u00e2ncias a munic\u00edpios. Em fevereiro, o ovo de galinha teve alta de 15,39% no pre\u00e7o, de acordo com o Instituto Brasileiro de Geografia e Estat\u00edstica (IBGE).<\/p>\n<p>Ainda sobre os pre\u00e7os dos alimentos, Lula disse tamb\u00e9m que em breve o pre\u00e7o da carne vai baixar.\n<\/p>\n<p>No mesmo discurso, Lula afirmou que ser\u00e1 anunciada, na pr\u00f3xima ter\u00e7a-feira (18), a isen\u00e7\u00e3o do Imposto de Renda para quem recebe at\u00e9 R$ 5.000. &#8220;A verdade \u00e9 que quem paga Imposto de Renda nesse pa\u00eds \u00e9 quem tem desconto na fonte, porque n\u00e3o tem como sonegar. \u00c9 descontado da folha de pagamento dele, mas quem ganha muito \u00e0s vezes nem paga&#8221;, disse.\n<\/p>\n<p>Lula afirmou que a isen\u00e7\u00e3o \u00e9 uma forma de proteger os trabalhadores enquanto &#8220;muita gente rica sonega&#8221;. &#8220;Quem precisa do Estado s\u00e3o as pessoas mais humildes.&#8221; Ele acrescentou que acredita no crescimento da economia em 2025 diante dos baixos n\u00edveis de desemprego e crescimento da massa salarial.\n<\/p>\n<p>A Receita Federal divulgou na quarta-feira (12) o prazo e as regras da declara\u00e7\u00e3o do Imposto de Renda 2025. A entrega dos documentos come\u00e7a na segunda-feira (17) e vai at\u00e9 30 de maio.\n<\/p>\n<p>Fonte: Folha de S.Paulo              <\/p>\n<\/div>\n<p><br \/>\n<br \/><a href=\"https:\/\/diariodobrasilnoticias.com.br\/noticia\/lula-diz-querer-saber-quem-e-pilantra-que-provocou-aumento-do-preco-do-ovo-67d4799cb67c6\">Source link <\/a><\/p>","protected":false},"excerpt":{"rendered":"<p>O presidente Luiz In\u00e1cio Lula da Silva disse nesta sexta-feira (14) que seu governo est\u00e1 trabalhando para descobrir quem \u00e9 o &#8220;pilantra&#8221;, nas palavras dele, que provocou o aumento do&hellip;<\/p>","protected":false},"author":1,"featured_media":111074,"comment_status":"closed","ping_status":"open","sticky":false,"template":"","format":"standard","meta":{"content-type":"","footnotes":""},"categories":[16],"tags":[123,2448,5313,1267],"class_list":["post-111073","post","type-post","status-publish","format-standard","has-post-thumbnail","hentry","category-noticias","tag-brasil","tag-diario","tag-noticia","tag-noticias"],"_links":{"self":[{"href":"https:\/\/tvbrazilusa.com\/pt\/wp-json\/wp\/v2\/posts\/111073","targetHints":{"allow":["GET"]}}],"collection":[{"href":"https:\/\/tvbrazilusa.com\/pt\/wp-json\/wp\/v2\/posts"}],"about":[{"href":"https:\/\/tvbrazilusa.com\/pt\/wp-json\/wp\/v2\/types\/post"}],"author":[{"embeddable":true,"href":"https:\/\/tvbrazilusa.com\/pt\/wp-json\/wp\/v2\/users\/1"}],"replies":[{"embeddable":true,"href":"https:\/\/tvbrazilusa.com\/pt\/wp-json\/wp\/v2\/comments?post=111073"}],"version-history":[{"count":1,"href":"https:\/\/tvbrazilusa.com\/pt\/wp-json\/wp\/v2\/posts\/111073\/revisions"}],"predecessor-version":[{"id":111075,"href":"https:\/\/tvbrazilusa.com\/pt\/wp-json\/wp\/v2\/posts\/111073\/revisions\/111075"}],"wp:featuredmedia":[{"embeddable":true,"href":"https:\/\/tvbrazilusa.com\/pt\/wp-json\/wp\/v2\/media\/111074"}],"wp:attachment":[{"href":"https:\/\/tvbrazilusa.com\/pt\/wp-json\/wp\/v2\/media?parent=111073"}],"wp:term":[{"taxonomy":"category","embeddable":true,"href":"https:\/\/tvbrazilusa.com\/pt\/wp-json\/wp\/v2\/categories?post=111073"},{"taxonomy":"post_tag","embeddable":true,"href":"https:\/\/tvbrazilusa.com\/pt\/wp-json\/wp\/v2\/tags?post=111073"}],"curies":[{"name":"wp","href":"https:\/\/api.w.org\/{rel}","templated":true}]}}