{"id":111076,"date":"2025-03-14T20:59:36","date_gmt":"2025-03-14T20:59:36","guid":{"rendered":"https:\/\/tvbrazilusa.com\/2025\/03\/14\/gonet-deixa-o-caminho-livre-para-janja\/"},"modified":"2025-03-14T20:59:41","modified_gmt":"2025-03-14T20:59:41","slug":"gonet-deixa-o-caminho-livre-para-janja","status":"publish","type":"post","link":"https:\/\/tvbrazilusa.com\/pt\/2025\/03\/14\/gonet-deixa-o-caminho-livre-para-janja\/","title":{"rendered":"Gonet deixa o caminho livre para Janja"},"content":{"rendered":"<p> <script async src=\"https:\/\/pagead2.googlesyndication.com\/pagead\/js\/adsbygoogle.js?client=ca-pub-8864793242727901\"\r\n     crossorigin=\"anonymous\"><\/script><br \/>\n<\/p>\n<div id=\"taboola-read-more\" style=\"display:block; width:100%\">\n<p>O procurador-geral da Rep\u00fablica, Paulo Gonet, arquivou todos os pedidos de investiga\u00e7\u00e3o envolvendo os gastos da primeira-dama Janja, registrou a Folha de S.Paulo.\n<\/p>\n<p>Na decis\u00e3o, o PGR alegou que os relatos feitos nos pedidos \u201cn\u00e3o cont\u00eam elementos informativos m\u00ednimos, que indiquem suficientemente a realidade de il\u00edcito c\u00edvel ou penal, justificadora da atua\u00e7\u00e3o investigativa do Minist\u00e9rio P\u00fablico\u201d.<\/p>\n<p>O procurador-geral da Rep\u00fablica, Paulo Gonet, arquivou todos os pedidos de investiga\u00e7\u00e3o envolvendo os gastos da primeira-dama Janja, registrou a Folha de S.Paulo.\n<\/p>\n<p>Na decis\u00e3o, o PGR alegou que os relatos feitos nos pedidos \u201cn\u00e3o cont\u00eam elementos informativos m\u00ednimos, que indiquem suficientemente a realidade de il\u00edcito c\u00edvel ou penal, justificadora da atua\u00e7\u00e3o investigativa do Minist\u00e9rio P\u00fablico\u201d.\n<\/p>\n<p>Para Gonet, a participa\u00e7\u00e3o da esposa de Lula em eventos oficiais \u201cn\u00e3o caracteriza indevida inger\u00eancia na administra\u00e7\u00e3o do Executivo, nem tampouco, decerto, na soberania do pa\u00eds\u201d.\n<\/p>\n<p>Ele tamb\u00e9m entendeu que o presidente da Rep\u00fablica pode confiar ao c\u00f4njuge atos protocolares que propiciem \u201cmelhores resultados diplom\u00e1ticos\u201d.\n<\/p>\n<p><strong>O custo das viagens de Janja<\/strong><br \/>O PGR tamb\u00e9m minimizou os questionamentos sobre os custos das viagens, alegando que eles n\u00e3o trazem informa\u00e7\u00f5es de desvios de recursos ou de qualquer outro tipo de il\u00edcito.\n<\/p>\n<p>\u201cAs representa\u00e7\u00f5es oferecidas n\u00e3o exp\u00f5em elementos de desvio de recursos p\u00fablicos, mas ju\u00edzos de inconformismo com custos de atividades, ao que se nota, tornados p\u00fablicos, como devido. N\u00e3o se tem aqui tema de legalidade apur\u00e1vel no \u00e2mbito da compet\u00eancia do Minist\u00e9rio P\u00fablico.\u201d\n<\/p>\n<p><strong>Darcy Vargas<\/strong><br \/>Ao justificar a aus\u00eancia de investiga\u00e7\u00e3o sobre a atua\u00e7\u00e3o de Janja, Gonet recuperou a mem\u00f3ria de Darcy Vargas, mulher de Get\u00falio Vargas.\n<\/p>\n<p>\u201c\u00c9 ineg\u00e1vel, al\u00e9m disso, a consolida\u00e7\u00e3o da tradi\u00e7\u00e3o no Brasil e em outros tantos pa\u00edses do papel social desempenhado pelas suas assim chamadas primeiras-damas. Entre n\u00f3s, lembre-se, a mero t\u00edtulo exemplificativo, de Darcy Vargas, mulher do Presidente Get\u00falio Vargas, a quem se liga a cria\u00e7\u00e3o e a dire\u00e7\u00e3o da Legi\u00e3o Brasileira de Assist\u00eancia (LBA), de fins assistenciais.\u201d\n<\/p>\n<p><strong>Janja sob press\u00e3o<\/strong><br \/>O Pal\u00e1cio do Planalto e a primeira-dama est\u00e3o sendo pressionados a quebrar o sigilo sobre ela e divulgar informa\u00e7\u00f5es de sua agenda, de sua equipe e dos gastos que realiza, especialmente quando se apresenta como representante do governo Lula.\n<\/p>\n<p>Mas como Janja n\u00e3o \u00e9 autoridade p\u00fablica, o governo n\u00e3o tem a obriga\u00e7\u00e3o de compartilhar sua agenda.\n<\/p>\n<p>Integrantes da oposi\u00e7\u00e3o na C\u00e2mara iniciaram, em fevereiro, uma frente para investigar as atividades pol\u00edticas e os gastos da primeira-dama Janja.\n<\/p>\n<p>Fonte: O Antagonista\u00a0              <\/p>\n<\/div>\n<p><br \/>\n<br \/><a href=\"https:\/\/diariodobrasilnoticias.com.br\/noticia\/gonet-deixa-o-caminho-livre-para-janja-67d47be9c9074\">Source link <\/a><\/p>","protected":false},"excerpt":{"rendered":"<p>O procurador-geral da Rep\u00fablica, Paulo Gonet, arquivou todos os pedidos de investiga\u00e7\u00e3o envolvendo os gastos da primeira-dama Janja, registrou a Folha de S.Paulo. Na decis\u00e3o, o PGR alegou que os&hellip;<\/p>","protected":false},"author":1,"featured_media":111077,"comment_status":"closed","ping_status":"open","sticky":false,"template":"","format":"standard","meta":{"content-type":"","footnotes":""},"categories":[16],"tags":[123,2448,5313,1267],"class_list":["post-111076","post","type-post","status-publish","format-standard","has-post-thumbnail","hentry","category-noticias","tag-brasil","tag-diario","tag-noticia","tag-noticias"],"_links":{"self":[{"href":"https:\/\/tvbrazilusa.com\/pt\/wp-json\/wp\/v2\/posts\/111076","targetHints":{"allow":["GET"]}}],"collection":[{"href":"https:\/\/tvbrazilusa.com\/pt\/wp-json\/wp\/v2\/posts"}],"about":[{"href":"https:\/\/tvbrazilusa.com\/pt\/wp-json\/wp\/v2\/types\/post"}],"author":[{"embeddable":true,"href":"https:\/\/tvbrazilusa.com\/pt\/wp-json\/wp\/v2\/users\/1"}],"replies":[{"embeddable":true,"href":"https:\/\/tvbrazilusa.com\/pt\/wp-json\/wp\/v2\/comments?post=111076"}],"version-history":[{"count":1,"href":"https:\/\/tvbrazilusa.com\/pt\/wp-json\/wp\/v2\/posts\/111076\/revisions"}],"predecessor-version":[{"id":111078,"href":"https:\/\/tvbrazilusa.com\/pt\/wp-json\/wp\/v2\/posts\/111076\/revisions\/111078"}],"wp:featuredmedia":[{"embeddable":true,"href":"https:\/\/tvbrazilusa.com\/pt\/wp-json\/wp\/v2\/media\/111077"}],"wp:attachment":[{"href":"https:\/\/tvbrazilusa.com\/pt\/wp-json\/wp\/v2\/media?parent=111076"}],"wp:term":[{"taxonomy":"category","embeddable":true,"href":"https:\/\/tvbrazilusa.com\/pt\/wp-json\/wp\/v2\/categories?post=111076"},{"taxonomy":"post_tag","embeddable":true,"href":"https:\/\/tvbrazilusa.com\/pt\/wp-json\/wp\/v2\/tags?post=111076"}],"curies":[{"name":"wp","href":"https:\/\/api.w.org\/{rel}","templated":true}]}}