{"id":111109,"date":"2025-03-14T22:56:39","date_gmt":"2025-03-14T22:56:39","guid":{"rendered":"https:\/\/tvbrazilusa.com\/2025\/03\/14\/antes-de-matar-gravida-mulher-se-desculpou-e-prometeu-cuidar-da-beb\/"},"modified":"2025-03-14T22:56:41","modified_gmt":"2025-03-14T22:56:41","slug":"antes-de-matar-gravida-mulher-se-desculpou-e-prometeu-cuidar-da-beb","status":"publish","type":"post","link":"https:\/\/tvbrazilusa.com\/pt\/2025\/03\/14\/antes-de-matar-gravida-mulher-se-desculpou-e-prometeu-cuidar-da-beb\/","title":{"rendered":"Antes de matar gr\u00e1vida, mulher se desculpou e prometeu cuidar da beb"},"content":{"rendered":"<p> <script async src=\"https:\/\/pagead2.googlesyndication.com\/pagead\/js\/adsbygoogle.js?client=ca-pub-8864793242727901\"\r\n     crossorigin=\"anonymous\"><\/script><br \/>\n<\/p>\n<div>\n<figure class=\"post-image\">\n<\/figure>\n<p>            <span style=\"font-size: 12px\">Reprodu\u00e7\u00e3o\/Redes Sociais<\/span><\/p>\n<p>            <!-- end metas --><br \/>\n            <!-- ADS --><\/p>\n<div id=\"taboola-read-more\" style=\"display:block; width:100%\">\n<p>Nataly Hellen Martins Pereira, de 25 anos, contou em depoimento \u00e0 Delegacia de Homic\u00eddio e Prote\u00e7\u00e3o a Pessoa (DHPP), os detalhes de como matou a adolescente gr\u00e1vida Emilly Azevedo Sena, de 16 anos. Ela relatou que aproveitou um momento de fraqueza da garota, que estava chorando e vulner\u00e1vel, para dar um \u201cmata-le\u00e3o\u201d nela. Em seguida, pegou um fio e a enforcou. Nataly disse ainda que segundos antes de matar Emilly, pediu desculpas a falou que \u201ciria cuidar da beb\u00ea\u201d.\n<\/p>\n<p>\u201cEla estava na sala, disse que ela n\u00e3o estava legal e que a barriga dela estava doendo, que ela estava com medo, porque o marido dela parecia que estava se envolvendo em algo errado. E a\u00ed eu falei para ela se acalmar, por causa da idade dela e tudo mais. A\u00ed ela come\u00e7ou a chorar, meio que passar mal. Eu vi uma oportunidade dela estar ali fraca, com dor, eu peguei ela por tr\u00e1s\u201d, afirmou.<\/p>\n<p>Fonte: Metr\u00f3poles              <\/p>\n<\/div>\n<p>                        <!-- Scripts para conteudo --><\/p>\n<p>            <!-- .\/Scripts para conteudo --><br \/>\n            <!-- .\/Mat\u00e9ria --><\/p>\n<div class=\"row mt-3\">\n<div class=\"col-sm-6\">\n                <!-- Whatsapp channel 3--><br \/>\n                <a href=\"https:\/\/chat.whatsapp.com\/B8Qy6Erx4kb6yTzj3kaDco\" target=\"_blank\"><br \/>\n                  <img decoding=\"async\" src=\"https:\/\/diariodobrasilnoticias.com.br\/assets-site\/images\/bot_whatsapp.png\"\/><\/a>\n              <\/div>\n<div class=\"col-sm-6\">\n                <a href=\"https:\/\/t.me\/+_4gTmi5LKo03OTM5\" target=\"_blank\"><br \/>\n                  <img decoding=\"async\" src=\"https:\/\/diariodobrasilnoticias.com.br\/assets-site\/images\/bot_telegram.png\"\/><\/a>\n              <\/div>\n<\/p><\/div>\n<p>            <!-- end post-navigation --><\/p>\n<p>              <!-- end row --><\/p>\n<p>              <!-- end col-12-->\n                      <\/div>\n<p><br \/>\n<br \/><a href=\"https:\/\/diariodobrasilnoticias.com.br\/noticia\/antes-de-matar-gravida-mulher-se-desculpou-e-prometeu-cuidar-da-beb-67d48d190a31d\">Source link <\/a><\/p>","protected":false},"excerpt":{"rendered":"<p>Reprodu\u00e7\u00e3o\/Redes Sociais Nataly Hellen Martins Pereira, de 25 anos, contou em depoimento \u00e0 Delegacia de Homic\u00eddio e Prote\u00e7\u00e3o a Pessoa (DHPP), os detalhes de como matou a adolescente gr\u00e1vida Emilly&hellip;<\/p>","protected":false},"author":1,"featured_media":111110,"comment_status":"closed","ping_status":"open","sticky":false,"template":"","format":"standard","meta":{"content-type":"","footnotes":""},"categories":[16],"tags":[123,2448,5313,1267],"class_list":["post-111109","post","type-post","status-publish","format-standard","has-post-thumbnail","hentry","category-noticias","tag-brasil","tag-diario","tag-noticia","tag-noticias"],"_links":{"self":[{"href":"https:\/\/tvbrazilusa.com\/pt\/wp-json\/wp\/v2\/posts\/111109","targetHints":{"allow":["GET"]}}],"collection":[{"href":"https:\/\/tvbrazilusa.com\/pt\/wp-json\/wp\/v2\/posts"}],"about":[{"href":"https:\/\/tvbrazilusa.com\/pt\/wp-json\/wp\/v2\/types\/post"}],"author":[{"embeddable":true,"href":"https:\/\/tvbrazilusa.com\/pt\/wp-json\/wp\/v2\/users\/1"}],"replies":[{"embeddable":true,"href":"https:\/\/tvbrazilusa.com\/pt\/wp-json\/wp\/v2\/comments?post=111109"}],"version-history":[{"count":1,"href":"https:\/\/tvbrazilusa.com\/pt\/wp-json\/wp\/v2\/posts\/111109\/revisions"}],"predecessor-version":[{"id":111111,"href":"https:\/\/tvbrazilusa.com\/pt\/wp-json\/wp\/v2\/posts\/111109\/revisions\/111111"}],"wp:featuredmedia":[{"embeddable":true,"href":"https:\/\/tvbrazilusa.com\/pt\/wp-json\/wp\/v2\/media\/111110"}],"wp:attachment":[{"href":"https:\/\/tvbrazilusa.com\/pt\/wp-json\/wp\/v2\/media?parent=111109"}],"wp:term":[{"taxonomy":"category","embeddable":true,"href":"https:\/\/tvbrazilusa.com\/pt\/wp-json\/wp\/v2\/categories?post=111109"},{"taxonomy":"post_tag","embeddable":true,"href":"https:\/\/tvbrazilusa.com\/pt\/wp-json\/wp\/v2\/tags?post=111109"}],"curies":[{"name":"wp","href":"https:\/\/api.w.org\/{rel}","templated":true}]}}