{"id":111115,"date":"2025-03-14T23:21:36","date_gmt":"2025-03-14T23:21:36","guid":{"rendered":"https:\/\/tvbrazilusa.com\/2025\/03\/14\/paulo-gonet-se-encarregara-pessoalmente-de-defender-a-denuncia-contra-bolsonaro-no-stf\/"},"modified":"2025-03-14T23:21:38","modified_gmt":"2025-03-14T23:21:38","slug":"paulo-gonet-se-encarregara-pessoalmente-de-defender-a-denuncia-contra-bolsonaro-no-stf","status":"publish","type":"post","link":"https:\/\/tvbrazilusa.com\/pt\/2025\/03\/14\/paulo-gonet-se-encarregara-pessoalmente-de-defender-a-denuncia-contra-bolsonaro-no-stf\/","title":{"rendered":"Paulo Gonet se encarregar\u00e1 pessoalmente de defender a den\u00fancia contra Bolsonaro no STF"},"content":{"rendered":"<p> <script async src=\"https:\/\/pagead2.googlesyndication.com\/pagead\/js\/adsbygoogle.js?client=ca-pub-8864793242727901\"\r\n     crossorigin=\"anonymous\"><\/script><br \/>\n<\/p>\n<div id=\"taboola-read-more\" style=\"display:block; width:100%\">\n<p>O procurador-geral da Rep\u00fablica, Paulo Gonet, defender\u00e1 pessoalmente a den\u00fancia contra o ex-presidente Jair Bolsonaro e outras 33 pessoas no Supremo Tribunal Federal (STF). Eles s\u00e3o acusados de participar de uma suposta trama golpista depois das elei\u00e7\u00f5es de 2022.\n<\/p>\n<p>Segundo o jornal O Globo, presen\u00e7a de Gonet na 1\u00aa Turma do STF, em que o caso ser\u00e1 julgado, \u00e9 rara e sublinha a relev\u00e2ncia do processo. Normalmente, um subprocurador-geral representa a Procuradoria-Geral da Rep\u00fablica (PGR) nas turmas.<\/p>\n<p>Atualmente, Cl\u00e1udia Sampaio Marques desempenha essa fun\u00e7\u00e3o na 1\u00aa Turma. Contudo, por causa da import\u00e2ncia do caso, Gonet decidiu assumir a responsabilidade.\n<\/p>\n<p>A PGR apresentou recentemente uma manifesta\u00e7\u00e3o para contestar os argumentos dos acusados e solicitar que a den\u00fancia seja aceita. O ministro Alexandre de Moraes, do STF, decidir\u00e1 sobre a libera\u00e7\u00e3o do processo para julgamento.\n<\/p>\n<p>A den\u00fancia inclui crimes como forma\u00e7\u00e3o de organiza\u00e7\u00e3o criminosa armada e tentativa de golpe de Estado.\n<\/p>\n<p><strong>Den\u00fancia de Gonet<\/strong>\n<\/p>\n<p>De acordo com a PGR, \u201ca responsabilidade pelos atos lesivos \u00e0 ordem democr\u00e1tica recai sobre organiza\u00e7\u00e3o criminosa liderada por Jair Messias Bolsonaro, baseada em projeto autorit\u00e1rio de poder\u201d.\n<\/p>\n<p>A acusa\u00e7\u00e3o alega que essa organiza\u00e7\u00e3o criminosa tinha ra\u00edzes na estrutura do Estado e influ\u00eancia significativa de setores militares. A den\u00fancia foi dividida em cinco n\u00facleos para facilitar a an\u00e1lise.\n<\/p>\n<p>Os crimes incluem tentativa de aboli\u00e7\u00e3o do Estado Democr\u00e1tico de Direito, dano qualificado pela viol\u00eancia e amea\u00e7a grave contra o patrim\u00f4nio da Uni\u00e3o e deteriora\u00e7\u00e3o de patrim\u00f4nio tombado.\n<\/p>\n<p>Fonte: Revista Oeste              <\/p>\n<\/div>\n<p><br \/>\n<br \/><a href=\"https:\/\/diariodobrasilnoticias.com.br\/noticia\/paulo-gonet-se-encarregara-pessoalmente-de-defender-a-denuncia-contra-bolsonaro-no-stf-67d48d7d80ce9\">Source link <\/a><\/p>","protected":false},"excerpt":{"rendered":"<p>O procurador-geral da Rep\u00fablica, Paulo Gonet, defender\u00e1 pessoalmente a den\u00fancia contra o ex-presidente Jair Bolsonaro e outras 33 pessoas no Supremo Tribunal Federal (STF). Eles s\u00e3o acusados de participar de&hellip;<\/p>","protected":false},"author":1,"featured_media":111116,"comment_status":"closed","ping_status":"open","sticky":false,"template":"","format":"standard","meta":{"content-type":"","footnotes":""},"categories":[16],"tags":[123,2448,5313,1267],"class_list":["post-111115","post","type-post","status-publish","format-standard","has-post-thumbnail","hentry","category-noticias","tag-brasil","tag-diario","tag-noticia","tag-noticias"],"_links":{"self":[{"href":"https:\/\/tvbrazilusa.com\/pt\/wp-json\/wp\/v2\/posts\/111115","targetHints":{"allow":["GET"]}}],"collection":[{"href":"https:\/\/tvbrazilusa.com\/pt\/wp-json\/wp\/v2\/posts"}],"about":[{"href":"https:\/\/tvbrazilusa.com\/pt\/wp-json\/wp\/v2\/types\/post"}],"author":[{"embeddable":true,"href":"https:\/\/tvbrazilusa.com\/pt\/wp-json\/wp\/v2\/users\/1"}],"replies":[{"embeddable":true,"href":"https:\/\/tvbrazilusa.com\/pt\/wp-json\/wp\/v2\/comments?post=111115"}],"version-history":[{"count":1,"href":"https:\/\/tvbrazilusa.com\/pt\/wp-json\/wp\/v2\/posts\/111115\/revisions"}],"predecessor-version":[{"id":111117,"href":"https:\/\/tvbrazilusa.com\/pt\/wp-json\/wp\/v2\/posts\/111115\/revisions\/111117"}],"wp:featuredmedia":[{"embeddable":true,"href":"https:\/\/tvbrazilusa.com\/pt\/wp-json\/wp\/v2\/media\/111116"}],"wp:attachment":[{"href":"https:\/\/tvbrazilusa.com\/pt\/wp-json\/wp\/v2\/media?parent=111115"}],"wp:term":[{"taxonomy":"category","embeddable":true,"href":"https:\/\/tvbrazilusa.com\/pt\/wp-json\/wp\/v2\/categories?post=111115"},{"taxonomy":"post_tag","embeddable":true,"href":"https:\/\/tvbrazilusa.com\/pt\/wp-json\/wp\/v2\/tags?post=111115"}],"curies":[{"name":"wp","href":"https:\/\/api.w.org\/{rel}","templated":true}]}}