{"id":11114,"date":"2022-03-22T17:54:08","date_gmt":"2022-03-22T17:54:08","guid":{"rendered":"https:\/\/tvbrazilusa.com\/2022\/03\/22\/atencao-aos-pais-disney-abraca-a-ideologia-de-genero\/"},"modified":"2022-03-22T17:54:08","modified_gmt":"2022-03-22T17:54:08","slug":"atencao-aos-pais-disney-abraca-a-ideologia-de-genero","status":"publish","type":"post","link":"https:\/\/tvbrazilusa.com\/pt\/2022\/03\/22\/atencao-aos-pais-disney-abraca-a-ideologia-de-genero\/","title":{"rendered":"Aten\u00e7\u00e3o aos pais! Disney abra\u00e7a a ideologia de g\u00eanero"},"content":{"rendered":"<p><iframe  width=\"580\" height=\"385\" src=\"https:\/\/www.youtube.com\/embed\/T_Z9tSB5YO0?modestbranding=1\" frameborder=\"0\" allowfullscreen><\/iframe><br \/>\n<br \/>\ud83d\udce2Fa\u00e7a sua pr\u00e9-matr\u00edcula e participe do m\u00f3dulo inaugural da Opera\u00e7\u00e3o Global Invest:<br \/>\n\u25c7 <\/p>\n<p> Segundo a revista Vanity Fair, a empresa produzir\u00e1 uma cena de beijo gay num dos seus desenhos animados para &#8220;protestar&#8221; contra uma lei aprovada no estado da Fl\u00f3rida que bane ideologia de g\u00eanero nas salas de aula para crian\u00e7as de at\u00e9 9 anos de idade.<br \/>\n<br \/><a href=\"https:\/\/www.youtube.com\/watch?v=T_Z9tSB5YO0\">source<\/a><\/p>","protected":false},"excerpt":{"rendered":"<p>\ud83d\udce2Fa\u00e7a sua pr\u00e9-matr\u00edcula e participe do m\u00f3dulo inaugural da Opera\u00e7\u00e3o Global Invest: \u25c7 Segundo a revista Vanity Fair, a empresa produzir\u00e1 uma cena de beijo gay num dos seus desenhos&hellip;<\/p>","protected":false},"author":1,"featured_media":11115,"comment_status":"","ping_status":"open","sticky":false,"template":"","format":"standard","meta":{"content-type":"","footnotes":""},"categories":[1],"tags":[],"class_list":["post-11114","post","type-post","status-publish","format-standard","has-post-thumbnail","hentry","category-uncategorized"],"_links":{"self":[{"href":"https:\/\/tvbrazilusa.com\/pt\/wp-json\/wp\/v2\/posts\/11114","targetHints":{"allow":["GET"]}}],"collection":[{"href":"https:\/\/tvbrazilusa.com\/pt\/wp-json\/wp\/v2\/posts"}],"about":[{"href":"https:\/\/tvbrazilusa.com\/pt\/wp-json\/wp\/v2\/types\/post"}],"author":[{"embeddable":true,"href":"https:\/\/tvbrazilusa.com\/pt\/wp-json\/wp\/v2\/users\/1"}],"replies":[{"embeddable":true,"href":"https:\/\/tvbrazilusa.com\/pt\/wp-json\/wp\/v2\/comments?post=11114"}],"version-history":[{"count":0,"href":"https:\/\/tvbrazilusa.com\/pt\/wp-json\/wp\/v2\/posts\/11114\/revisions"}],"wp:featuredmedia":[{"embeddable":true,"href":"https:\/\/tvbrazilusa.com\/pt\/wp-json\/wp\/v2\/media\/11115"}],"wp:attachment":[{"href":"https:\/\/tvbrazilusa.com\/pt\/wp-json\/wp\/v2\/media?parent=11114"}],"wp:term":[{"taxonomy":"category","embeddable":true,"href":"https:\/\/tvbrazilusa.com\/pt\/wp-json\/wp\/v2\/categories?post=11114"},{"taxonomy":"post_tag","embeddable":true,"href":"https:\/\/tvbrazilusa.com\/pt\/wp-json\/wp\/v2\/tags?post=11114"}],"curies":[{"name":"wp","href":"https:\/\/api.w.org\/{rel}","templated":true}]}}