{"id":11127,"date":"2024-07-29T10:26:58","date_gmt":"2024-07-29T10:26:58","guid":{"rendered":"https:\/\/tvbrazilusa.com\/2024\/07\/29\/chefe-da-equipe-de-natacao-se-pronuncia-sobre-atletas-brasileiros-punidos-nas-olimpiadas\/"},"modified":"2024-07-29T10:30:26","modified_gmt":"2024-07-29T10:30:26","slug":"chefe-da-equipe-de-natacao-se-pronuncia-sobre-atletas-brasileiros-punidos-nas-olimpiadas","status":"publish","type":"post","link":"https:\/\/tvbrazilusa.com\/pt\/2024\/07\/29\/chefe-da-equipe-de-natacao-se-pronuncia-sobre-atletas-brasileiros-punidos-nas-olimpiadas\/","title":{"rendered":"Chefe da equipe de nata\u00e7\u00e3o se pronuncia sobre atletas brasileiros punidos nas Olimp\u00edadas"},"content":{"rendered":"<p> <script async src=\"https:\/\/pagead2.googlesyndication.com\/pagead\/js\/adsbygoogle.js?client=ca-pub-8864793242727901\"\r\n     crossorigin=\"anonymous\"><\/script><br \/>\n<\/p>\n<div>\n<p>Dois atletas da nata\u00e7\u00e3o brasileira foram punidos neste s\u00e1bado, 27 de janeiro, ap\u00f3s cometerem \u201catos de indisciplina\u201d. Gabriel Santos recebeu uma advert\u00eancia, enquanto Ana Carolina Vieira foi desligada da delega\u00e7\u00e3o e retornar\u00e1 ao Brasil ainda hoje. O Comit\u00ea Ol\u00edmpico do Brasil (COB) informou que a decis\u00e3o foi tomada ap\u00f3s os nadadores deixarem a Vila Ol\u00edmpica sem autoriza\u00e7\u00e3o na noite da \u00faltima sexta-feira, 26 de janeiro.<\/p>\n<p>A cobertura dos Jogos de Paris no Terra \u00e9 um oferecimento de Vale.<\/p>\n<p>Em entrevista coletiva, o Chefe da Equipe Brasileira de Nata\u00e7\u00e3o, Gustavo Otsuka, forneceu mais detalhes sobre a puni\u00e7\u00e3o dos atletas. \u201cA situa\u00e7\u00e3o foi uma medida disciplinar. Todos os atletas t\u00eam um c\u00f3digo disciplinar a seguir, que \u00e9 apresentado no in\u00edcio de cada miss\u00e3o, \u00e9 assinado por todos e eles sabem que devem cumprir,\u201d explicou Otsuka.<\/p>\n<figure class=\"wp-block-image size-full\"><picture decoding=\"async\" class=\"wp-image-163616\"><source type=\"image\/webp\" srcset=\"https:\/\/terrabrasilnoticias.com\/wp-content\/uploads\/2024\/07\/image-920.png.webp 700w, https:\/\/terrabrasilnoticias.com\/wp-content\/uploads\/2024\/07\/image-920-300x200.png.webp 300w\" sizes=\"(max-width: 700px) 100vw, 700px\"\/><\/picture><figcaption class=\"wp-element-caption\">Reprodu\u00e7\u00e3o\/Redes sociais<\/figcaption><\/figure>\n<h2 class=\"wp-block-heading\">Puni\u00e7\u00f5es na Nata\u00e7\u00e3o Brasileira<\/h2>\n<p>Gustavo Otsuka detalhou que as decis\u00f5es foram baseadas em uma reuni\u00e3o realizada ap\u00f3s o recolhimento de informa\u00e7\u00f5es. Segundo ele, n\u00e3o foi poss\u00edvel mensurar o tempo em que Ana Carolina e Gabriel ficaram fora da Vila Ol\u00edmpica. A descoberta ocorreu por meio das publica\u00e7\u00f5es dos atletas nas redes sociais. O COB foi avisado e tomou as medidas cab\u00edveis.<\/p>\n<p>\u201cAs postagens n\u00e3o t\u00eam dem\u00e9rito nenhum, mas a sa\u00edda de qualquer membro da Vila Ol\u00edmpica deve ser comunicada, principalmente por motivos de seguran\u00e7a. Os dois fizeram isso de forma aleat\u00f3ria, sem comunicar ningu\u00e9m da comiss\u00e3o t\u00e9cnica ou da Comiss\u00e3o Ol\u00edmpica Brasileira. Isso est\u00e1 no nosso c\u00f3digo de conduta, e foi por isso que receberam uma advert\u00eancia,\u201d esclareceu Otsuka.<\/p>\n<h2 class=\"wp-block-heading\">O que aconteceu na Vila Ol\u00edmpica?<\/h2>\n<p>Gustavo Otsuka afirmou que n\u00e3o h\u00e1 um hor\u00e1rio determinado de entrada e sa\u00edda da Vila Ol\u00edmpica, mas \u00e9 necess\u00e1rio cumprir uma rotina adequada \u00e0 prepara\u00e7\u00e3o dos atletas. \u201cSe temos uma competi\u00e7\u00e3o cedo, os atletas precisam ajustar-se ao hor\u00e1rio razo\u00e1vel dentro da rotina di\u00e1ria. Estamos trabalhando com atletas de alto rendimento e todos sabem que estamos aqui para representar o Brasil, n\u00e3o estamos em um passeio de f\u00e9rias,\u201d afirmou.<\/p>\n<h2 class=\"wp-block-heading\">Rea\u00e7\u00f5es de Gabriel Santos e Ana Carolina Vieira<\/h2>\n<p>Sobre a advert\u00eancia de Gabriel Santos, Otsuka declarou que o nadador compreendeu a puni\u00e7\u00e3o e o assunto foi considerado encerrado. \u201cGabriel entendeu o nosso ponto de vista, por isso achamos que a advert\u00eancia era adequada,\u201d comentou.<\/p>\n<p>Por outro lado, Ana Carolina Vieira foi acusada de agir de forma desrespeitosa e agressiva ap\u00f3s contestar uma decis\u00e3o t\u00e9cnica da comiss\u00e3o da Sele\u00e7\u00e3o Brasileira de Nata\u00e7\u00e3o. Otsuka explicou que a atitude inadequada da atleta durante a conversa sobre mudan\u00e7as no revezamento levou \u00e0 decis\u00e3o de seu desligamento da delega\u00e7\u00e3o.<\/p>\n<ul class=\"wp-block-list\">\n<li>Atitudes desrespeitosas e agressivas<\/li>\n<li>Deixar a Vila Ol\u00edmpica sem autoriza\u00e7\u00e3o<\/li>\n<li>Desrespeito ao c\u00f3digo de conduta<\/li>\n<\/ul>\n<p>O chefe da equipe ressaltou que a decis\u00e3o un\u00e2nime da comiss\u00e3o t\u00e9cnica e do COB foi tomada para preservar a transpar\u00eancia e o objetivo de representar o Brasil da melhor forma poss\u00edvel. \u201cN\u00e3o h\u00e1 interesse em prejudicar qualquer atleta, mas a \u00fanica coisa que a CBDA quer \u00e9 manter a lisura e transpar\u00eancia em cada miss\u00e3o,\u201d enfatizou Otsuka.<\/p>\n<h2 class=\"wp-block-heading\">Nota oficial do Comit\u00ea Ol\u00edmpico Brasileiro<\/h2>\n<p>O Comit\u00ea Ol\u00edmpico do Brasil (COB) divulgou uma nota confirmando as puni\u00e7\u00f5es dos atletas. Segundo o comunicado, ambos deixaram a Vila Ol\u00edmpica sem autoriza\u00e7\u00e3o, sendo Gabriel Santos advertido e Ana Carolina Vieira desligada da delega\u00e7\u00e3o. A nota refor\u00e7a que Ana Carolina ainda agiu de forma desrespeitosa e agressiva ao contestar uma decis\u00e3o t\u00e9cnica.<\/p>\n<p><strong>Nota do Comit\u00ea Ol\u00edmpico do Brasil (COB)<\/strong><\/p>\n<p><em>O Comit\u00ea Ol\u00edmpico do Brasil (COB) recebeu neste s\u00e1bado, 27, um comunicado do Chefe da Equipe Brasileira de Nata\u00e7\u00e3o, Gustavo Otsuka, com a informa\u00e7\u00e3o de que os nadadores Ana Carolina Vieira e Gabriel Santos cometeram atos de indisciplina.<\/em><\/p>\n<p><em>Com isso, de comum acordo com os membros da Comiss\u00e3o T\u00e9cnica da modalidade, com o Chefe da Equipe e com a Confedera\u00e7\u00e3o Brasileira de Desportos Aqu\u00e1ticos (CBDA), o COB decidiu punir os dois atletas por terem deixado a Vila Ol\u00edmpica sem autoriza\u00e7\u00e3o durante a noite da \u00faltima sexta-feira.<\/em><\/p>\n<p><em>Al\u00e9m desse fato, a atleta Ana Carolina, de forma desrespeitosa e agressiva, contestou decis\u00e3o t\u00e9cnica tomada pela comiss\u00e3o da Sele\u00e7\u00e3o Brasileira de Nata\u00e7\u00e3o.<\/em><\/p>\n<p><em>Assim, o atleta Gabriel Santos foi punido com a pena de advert\u00eancia e a atleta Ana Carolina Vieira, com a pena de desligamento da delega\u00e7\u00e3o. Ela retornar\u00e1 ao Brasil imediatamente.<\/em><\/p>\n<\/p><\/div>\n<p><br \/>\n<br \/><a href=\"https:\/\/terrabrasilnoticias.com\/2024\/07\/chefe-da-equipe-de-natacao-se-pronuncia-sobre-atletas-brasileiros-punidos-nas-olimpiadas\/\">Source link <\/a><\/p>","protected":false},"excerpt":{"rendered":"<p>Dois atletas da nata\u00e7\u00e3o brasileira foram punidos neste s\u00e1bado, 27 de janeiro, ap\u00f3s cometerem \u201catos de indisciplina\u201d. Gabriel Santos recebeu uma advert\u00eancia, enquanto Ana Carolina Vieira foi desligada da delega\u00e7\u00e3o&hellip;<\/p>","protected":false},"author":1,"featured_media":11128,"comment_status":"closed","ping_status":"open","sticky":false,"template":"","format":"standard","meta":{"content-type":"","footnotes":""},"categories":[16],"tags":[],"class_list":["post-11127","post","type-post","status-publish","format-standard","has-post-thumbnail","hentry","category-noticias"],"_links":{"self":[{"href":"https:\/\/tvbrazilusa.com\/pt\/wp-json\/wp\/v2\/posts\/11127","targetHints":{"allow":["GET"]}}],"collection":[{"href":"https:\/\/tvbrazilusa.com\/pt\/wp-json\/wp\/v2\/posts"}],"about":[{"href":"https:\/\/tvbrazilusa.com\/pt\/wp-json\/wp\/v2\/types\/post"}],"author":[{"embeddable":true,"href":"https:\/\/tvbrazilusa.com\/pt\/wp-json\/wp\/v2\/users\/1"}],"replies":[{"embeddable":true,"href":"https:\/\/tvbrazilusa.com\/pt\/wp-json\/wp\/v2\/comments?post=11127"}],"version-history":[{"count":1,"href":"https:\/\/tvbrazilusa.com\/pt\/wp-json\/wp\/v2\/posts\/11127\/revisions"}],"predecessor-version":[{"id":11129,"href":"https:\/\/tvbrazilusa.com\/pt\/wp-json\/wp\/v2\/posts\/11127\/revisions\/11129"}],"wp:featuredmedia":[{"embeddable":true,"href":"https:\/\/tvbrazilusa.com\/pt\/wp-json\/wp\/v2\/media\/11128"}],"wp:attachment":[{"href":"https:\/\/tvbrazilusa.com\/pt\/wp-json\/wp\/v2\/media?parent=11127"}],"wp:term":[{"taxonomy":"category","embeddable":true,"href":"https:\/\/tvbrazilusa.com\/pt\/wp-json\/wp\/v2\/categories?post=11127"},{"taxonomy":"post_tag","embeddable":true,"href":"https:\/\/tvbrazilusa.com\/pt\/wp-json\/wp\/v2\/tags?post=11127"}],"curies":[{"name":"wp","href":"https:\/\/api.w.org\/{rel}","templated":true}]}}