{"id":111286,"date":"2025-03-15T17:41:35","date_gmt":"2025-03-15T17:41:35","guid":{"rendered":"https:\/\/tvbrazilusa.com\/2025\/03\/15\/secretario-de-saude-do-rn-alerta-para-possivel-nova-doenca-infecciosa-saiba-mais\/"},"modified":"2025-03-15T17:41:36","modified_gmt":"2025-03-15T17:41:36","slug":"secretario-de-saude-do-rn-alerta-para-possivel-nova-doenca-infecciosa-saiba-mais","status":"publish","type":"post","link":"https:\/\/tvbrazilusa.com\/pt\/2025\/03\/15\/secretario-de-saude-do-rn-alerta-para-possivel-nova-doenca-infecciosa-saiba-mais\/","title":{"rendered":"Secret\u00e1rio de Sa\u00fade do RN alerta para poss\u00edvel nova doen\u00e7a infecciosa; saiba mais"},"content":{"rendered":"<p> <script async src=\"https:\/\/pagead2.googlesyndication.com\/pagead\/js\/adsbygoogle.js?client=ca-pub-8864793242727901\"\r\n     crossorigin=\"anonymous\"><\/script><br \/>\n<\/p>\n<div id=\"taboola-read-more\" style=\"display:block; width:100%\">\n<p>O secret\u00e1rio de Sa\u00fade do Rio Grande do Norte (SESAP), Alexandre Motta, revelou que a SESAP foi alertada sobre a poss\u00edvel circula\u00e7\u00e3o de uma doen\u00e7a exantem\u00e1tica com caracter\u00edsticas incomuns no estado. De acordo com o secret\u00e1rio, o aviso veio do infectologista Dr. Cl\u00e9ber Luiz, que identificou casos da enfermidade apresentando erup\u00e7\u00f5es avermelhadas na pele e coceira intensa, mas sem febre ou outros sintomas t\u00edpicos.\n<\/p>\n<p>Doen\u00e7as exantem\u00e1ticas s\u00e3o um grupo de doen\u00e7as infecciosas que se caracterizam por manchas na pele, com ou sem febre, tais como Sarampo, Rub\u00e9ola, Varicela e Mononucleose. S\u00e3o muito comuns em crian\u00e7as e podem ser graves.<\/p>\n<p>Diante dessa situa\u00e7\u00e3o, Motta enfatizou a import\u00e2ncia da notifica\u00e7\u00e3o imediata dos casos suspeitos ao setor de vigil\u00e2ncia epidemiol\u00f3gica. \u201cQualquer pessoa que apresentar esses sinais deve procurar um m\u00e9dico e solicitar a notifica\u00e7\u00e3o do caso. Isso \u00e9 fundamental para que possamos investigar a situa\u00e7\u00e3o de maneira adequada\u201d, declarou o secret\u00e1rio.\n<\/p>\n<p>A SESAP orienta que profissionais da \u00e1rea m\u00e9dica realizem exames laboratoriais para doen\u00e7as exantem\u00e1ticas e encaminhem as amostras ao LACEN (Laborat\u00f3rio Central de Sa\u00fade P\u00fablica). O objetivo \u00e9 encaminhar os casos para a an\u00e1lise e determinar se a doen\u00e7a \u00e9 uma varia\u00e7\u00e3o de alguma j\u00e1 conhecida ou se h\u00e1 ind\u00edcios de uma nova enfermidade em circula\u00e7\u00e3o.\n<\/p>\n<p>\u201cA resposta laboratorial ser\u00e1 essencial para compreendermos a origem dessa doen\u00e7a e definirmos quais medidas sanit\u00e1rias ser\u00e3o necess\u00e1rias para proteger a popula\u00e7\u00e3o\u201d, ressaltou Motta.\n<\/p>\n<p>O secret\u00e1rio finalizou refor\u00e7ando a import\u00e2ncia da vigil\u00e2ncia ativa e do diagn\u00f3stico precoce, tanto por parte dos profissionais de sa\u00fade quanto da popula\u00e7\u00e3o. Segundo ele, o monitoramento eficaz pode evitar surtos e permitir que medidas sejam tomadas rapidamente.\n<\/p>\n<p><strong>O que fazer em caso de suspeita?<\/strong>\n<\/p>\n<p>De acordo com Motta, caso apresente sintomas como manchas vermelhas na pele e coceira intensa, mesmo sem febre, a recomenda\u00e7\u00e3o \u00e9:\n<\/p>\n<p>Buscar atendimento m\u00e9dico imediato;<br \/>Solicitar a notifica\u00e7\u00e3o do caso \u00e0s autoridades de sa\u00fade;<br \/>Realizar exames laboratoriais e seguir as orienta\u00e7\u00f5es m\u00e9dicas.\n<\/p>\n<p>Fonte: Tribuna do Norte              <\/p>\n<\/div>\n<p><br \/>\n<br \/><a href=\"https:\/\/diariodobrasilnoticias.com.br\/noticia\/secretario-de-saude-do-rn-alerta-para-possivel-nova-doenca-infecciosa-saiba-mais-67d5905ed3bb7\">Source link <\/a><\/p>","protected":false},"excerpt":{"rendered":"<p>O secret\u00e1rio de Sa\u00fade do Rio Grande do Norte (SESAP), Alexandre Motta, revelou que a SESAP foi alertada sobre a poss\u00edvel circula\u00e7\u00e3o de uma doen\u00e7a exantem\u00e1tica com caracter\u00edsticas incomuns no&hellip;<\/p>","protected":false},"author":1,"featured_media":111287,"comment_status":"closed","ping_status":"open","sticky":false,"template":"","format":"standard","meta":{"content-type":"","footnotes":""},"categories":[16],"tags":[123,2448,5313,1267],"class_list":["post-111286","post","type-post","status-publish","format-standard","has-post-thumbnail","hentry","category-noticias","tag-brasil","tag-diario","tag-noticia","tag-noticias"],"_links":{"self":[{"href":"https:\/\/tvbrazilusa.com\/pt\/wp-json\/wp\/v2\/posts\/111286","targetHints":{"allow":["GET"]}}],"collection":[{"href":"https:\/\/tvbrazilusa.com\/pt\/wp-json\/wp\/v2\/posts"}],"about":[{"href":"https:\/\/tvbrazilusa.com\/pt\/wp-json\/wp\/v2\/types\/post"}],"author":[{"embeddable":true,"href":"https:\/\/tvbrazilusa.com\/pt\/wp-json\/wp\/v2\/users\/1"}],"replies":[{"embeddable":true,"href":"https:\/\/tvbrazilusa.com\/pt\/wp-json\/wp\/v2\/comments?post=111286"}],"version-history":[{"count":1,"href":"https:\/\/tvbrazilusa.com\/pt\/wp-json\/wp\/v2\/posts\/111286\/revisions"}],"predecessor-version":[{"id":111288,"href":"https:\/\/tvbrazilusa.com\/pt\/wp-json\/wp\/v2\/posts\/111286\/revisions\/111288"}],"wp:featuredmedia":[{"embeddable":true,"href":"https:\/\/tvbrazilusa.com\/pt\/wp-json\/wp\/v2\/media\/111287"}],"wp:attachment":[{"href":"https:\/\/tvbrazilusa.com\/pt\/wp-json\/wp\/v2\/media?parent=111286"}],"wp:term":[{"taxonomy":"category","embeddable":true,"href":"https:\/\/tvbrazilusa.com\/pt\/wp-json\/wp\/v2\/categories?post=111286"},{"taxonomy":"post_tag","embeddable":true,"href":"https:\/\/tvbrazilusa.com\/pt\/wp-json\/wp\/v2\/tags?post=111286"}],"curies":[{"name":"wp","href":"https:\/\/api.w.org\/{rel}","templated":true}]}}