{"id":111289,"date":"2025-03-15T17:54:14","date_gmt":"2025-03-15T17:54:14","guid":{"rendered":"https:\/\/tvbrazilusa.com\/2025\/03\/15\/economia-inflacao-anual-na-argentina-e-a-menor-desde-2022-veja-dados\/"},"modified":"2025-03-15T17:54:17","modified_gmt":"2025-03-15T17:54:17","slug":"economia-inflacao-anual-na-argentina-e-a-menor-desde-2022-veja-dados","status":"publish","type":"post","link":"https:\/\/tvbrazilusa.com\/pt\/2025\/03\/15\/economia-inflacao-anual-na-argentina-e-a-menor-desde-2022-veja-dados\/","title":{"rendered":"ECONOMIA: infla\u00e7\u00e3o anual na Argentina \u00e9 a menor desde 2022; veja dados"},"content":{"rendered":"<p> <script async src=\"https:\/\/pagead2.googlesyndication.com\/pagead\/js\/adsbygoogle.js?client=ca-pub-8864793242727901\"\r\n     crossorigin=\"anonymous\"><\/script><br \/>\n<\/p>\n<div id=\"taboola-read-more\" style=\"display:block; width:100%\">\n<p>A Argentina registrou o menor \u00edndice anual de infla\u00e7\u00e3o em quase 3 anos, desde junho de 2022, de acordo com dados divulgados na sexta-feira (14\/3) pelo Instituto Nacional de Estat\u00edsticas e Censos do pa\u00eds (Indec).\n<\/p>\n<p><strong>O que aconteceu<\/strong><\/p>\n<p>Segundo o levantamento do Indec, o \u00edndice de infla\u00e7\u00e3o acumulada em 12 meses at\u00e9 fevereiro foi de 66,9%.\n<\/p>\n<p>Em janeiro deste ano, na mesma base de compara\u00e7\u00e3o, a infla\u00e7\u00e3o argentina havia ficado em 84,5%.\n<\/p>\n<p>Em junho de 2022, o \u00edndice acumulado em 12 meses foi de 64%.\n<\/p>\n<p>J\u00e1 na base de compara\u00e7\u00e3o mensal, em rela\u00e7\u00e3o a janeiro de 2025, a infla\u00e7\u00e3o em fevereiro foi de 2,4% \u2013 uma leve alta em compara\u00e7\u00e3o com os 2,2% registrados no m\u00eas anterior.\n<\/p>\n<p>Os resultados vieram em linha com as estimativas dos analistas do mercado, que projetavam infla\u00e7\u00e3o de 2,4% (mensal) e 66,8% (anual).\n<\/p>\n<p><strong>Queda da infla\u00e7\u00e3o sob Milei<\/strong>\n<\/p>\n<p>No come\u00e7o do ano passado, a infla\u00e7\u00e3o acumulada em 12 meses na Argentina beirava os 300%. Durante o governo ultraliberal do presidente Javier Milei, o \u00edndice recuou para os dois d\u00edgitos.\n<\/p>\n<p>Ao longo do primeiro ano do governo Milei, em 2024, a infla\u00e7\u00e3o sofreu uma forte queda, mas o ritmo de redu\u00e7\u00e3o vem diminuindo nos \u00faltimos meses, oscilando na faixa entre 2% e 3%.\n<\/p>\n<p><strong>Pobreza extrema<\/strong>\n<\/p>\n<p>Apesar da queda da infla\u00e7\u00e3o sob o governo Milei, a Argentina segue apresentando \u00edndices alarmantes de pobreza. De acordo com o Indec, 52,9% da popula\u00e7\u00e3o est\u00e1 abaixo da linha da pobreza (15,7 milh\u00f5es de pessoas).\n<\/p>\n<p>Nas \u00faltimas semanas, o governo federal tem sido alvo de uma s\u00e9rie de protestos em todo o pa\u00eds.\n<\/p>\n<p>Fonte: Metr\u00f3poles              <\/p>\n<\/div>\n<p><br \/>\n<br \/><a href=\"https:\/\/diariodobrasilnoticias.com.br\/noticia\/economia-inflacao-anual-na-argentina-e-a-menor-desde-2022-veja-dados-67d595de8064e\">Source link <\/a><\/p>","protected":false},"excerpt":{"rendered":"<p>A Argentina registrou o menor \u00edndice anual de infla\u00e7\u00e3o em quase 3 anos, desde junho de 2022, de acordo com dados divulgados na sexta-feira (14\/3) pelo Instituto Nacional de Estat\u00edsticas&hellip;<\/p>","protected":false},"author":1,"featured_media":111290,"comment_status":"closed","ping_status":"open","sticky":false,"template":"","format":"standard","meta":{"content-type":"","footnotes":""},"categories":[16],"tags":[123,2448,5313,1267],"class_list":["post-111289","post","type-post","status-publish","format-standard","has-post-thumbnail","hentry","category-noticias","tag-brasil","tag-diario","tag-noticia","tag-noticias"],"_links":{"self":[{"href":"https:\/\/tvbrazilusa.com\/pt\/wp-json\/wp\/v2\/posts\/111289","targetHints":{"allow":["GET"]}}],"collection":[{"href":"https:\/\/tvbrazilusa.com\/pt\/wp-json\/wp\/v2\/posts"}],"about":[{"href":"https:\/\/tvbrazilusa.com\/pt\/wp-json\/wp\/v2\/types\/post"}],"author":[{"embeddable":true,"href":"https:\/\/tvbrazilusa.com\/pt\/wp-json\/wp\/v2\/users\/1"}],"replies":[{"embeddable":true,"href":"https:\/\/tvbrazilusa.com\/pt\/wp-json\/wp\/v2\/comments?post=111289"}],"version-history":[{"count":1,"href":"https:\/\/tvbrazilusa.com\/pt\/wp-json\/wp\/v2\/posts\/111289\/revisions"}],"predecessor-version":[{"id":111291,"href":"https:\/\/tvbrazilusa.com\/pt\/wp-json\/wp\/v2\/posts\/111289\/revisions\/111291"}],"wp:featuredmedia":[{"embeddable":true,"href":"https:\/\/tvbrazilusa.com\/pt\/wp-json\/wp\/v2\/media\/111290"}],"wp:attachment":[{"href":"https:\/\/tvbrazilusa.com\/pt\/wp-json\/wp\/v2\/media?parent=111289"}],"wp:term":[{"taxonomy":"category","embeddable":true,"href":"https:\/\/tvbrazilusa.com\/pt\/wp-json\/wp\/v2\/categories?post=111289"},{"taxonomy":"post_tag","embeddable":true,"href":"https:\/\/tvbrazilusa.com\/pt\/wp-json\/wp\/v2\/tags?post=111289"}],"curies":[{"name":"wp","href":"https:\/\/api.w.org\/{rel}","templated":true}]}}