{"id":111292,"date":"2025-03-15T18:11:36","date_gmt":"2025-03-15T18:11:36","guid":{"rendered":"https:\/\/tvbrazilusa.com\/2025\/03\/15\/corpo-de-norte-americano-desaparecido-no-brasil-e-encontrado\/"},"modified":"2025-03-15T18:11:40","modified_gmt":"2025-03-15T18:11:40","slug":"corpo-de-norte-americano-desaparecido-no-brasil-e-encontrado","status":"publish","type":"post","link":"https:\/\/tvbrazilusa.com\/pt\/2025\/03\/15\/corpo-de-norte-americano-desaparecido-no-brasil-e-encontrado\/","title":{"rendered":"Corpo de norte-americano desaparecido no Brasil \u00e9 encontrado"},"content":{"rendered":"<p> <script async src=\"https:\/\/pagead2.googlesyndication.com\/pagead\/js\/adsbygoogle.js?client=ca-pub-8864793242727901\"\r\n     crossorigin=\"anonymous\"><\/script><br \/>\n<\/p>\n<div id=\"taboola-read-more\" style=\"display:block; width:100%\">\n<p>O corpo do americano Sam Louis Blinder ser\u00e1 trasladado para os Estados Unidos. Ele estava desaparecido desde o dia 8, e nesta sexta-feira (14) a irm\u00e3 dele, Monique, o reconheceu no Instituto M\u00e9dico-Legal (IML) de Duque de Caxias, na Baixada Fluminense.\n<\/p>\n<p>A expectativa da advogada Fabiola Garcia, que representa a fam\u00edlia de Sam, \u00e9 que o IML libere o corpo at\u00e9 segunda-feira (17). A m\u00e3e do americano, que \u00e9 brasileira, j\u00e1 saiu dos EUA e deve chegar ao Rio na manh\u00e3 deste domingo (16).<\/p>\n<p>\u201cA declara\u00e7\u00e3o de \u00f3bito est\u00e1 saindo hoje [s\u00e1bado], mas a libera\u00e7\u00e3o do corpo acho que s\u00f3 vai ocorrer na segunda-feira para que seja trasladado\u201d, disse a advogada.\n<\/p>\n<p><strong>Mist\u00e9rio<\/strong>\n<\/p>\n<p>Ainda n\u00e3o se sabe como Sam, visto pela \u00faltima vez na G\u00e1vea, foi atropelado na Rodovia Washington Lu\u00eds, no Parque Duque, a 30 km de dist\u00e2ncia.\n<\/p>\n<p>De acordo com a Prefeitura de Caxias, Sam deu entrada no hospital em estado grav\u00edssimo. Ele passou por uma cirurgia, teve uma parada cardiorrespirat\u00f3ria, que foi revertida, mas morreu na manh\u00e3 do dia 9 de mar\u00e7o.\n<\/p>\n<p>O desaparecimento do americano era investigado pela Delegacia de Atendimento ao Turista (Deat).\n<\/p>\n<p>\u201cQueremos entender o que ele fazia em Duque de Caxias e com quem. Estamos atr\u00e1s de testemunhas e c\u00e2meras de seguran\u00e7a que possam ajudar a esclarecer o atropelamento. Vamos investigar como ele foi atropelado e por quem. Queremos saber se quem atropelou prestou socorro\u201d, disse a delegada Patr\u00edcia Alemany, da Deat.\n<\/p>\n<p><strong>Carnaval no Rio<\/strong>\n<\/p>\n<p>Sam morava em Nova York, mas veio visitar a av\u00f3, que mora em Sorocaba (SP), e decidiu passar o carnaval no Rio.\n<\/p>\n<p>Amigos e parentes afirmaram que ele foi visto pela \u00faltima vez h\u00e1 1 semana. No dia 7, ele esteve em um bar no Vidigal. Na madrugada do dia 8, o americano foi visto no Alto G\u00e1vea. Ele retornaria a Sorocaba no dia 9.\n<\/p>\n<p>Sam chegou a enviar um v\u00eddeo para a m\u00e3e do Morro do Vidigal.\n<\/p>\n<p>Fonte: g1              <\/p>\n<\/div>\n<p><br \/>\n<br \/><a href=\"https:\/\/diariodobrasilnoticias.com.br\/noticia\/corpo-de-norte-americano-desaparecido-no-brasil-e-encontrado-67d58f20004e2\">Source link <\/a><\/p>","protected":false},"excerpt":{"rendered":"<p>O corpo do americano Sam Louis Blinder ser\u00e1 trasladado para os Estados Unidos. Ele estava desaparecido desde o dia 8, e nesta sexta-feira (14) a irm\u00e3 dele, Monique, o reconheceu&hellip;<\/p>","protected":false},"author":1,"featured_media":111293,"comment_status":"closed","ping_status":"open","sticky":false,"template":"","format":"standard","meta":{"content-type":"","footnotes":""},"categories":[16],"tags":[123,2448,5313,1267],"class_list":["post-111292","post","type-post","status-publish","format-standard","has-post-thumbnail","hentry","category-noticias","tag-brasil","tag-diario","tag-noticia","tag-noticias"],"_links":{"self":[{"href":"https:\/\/tvbrazilusa.com\/pt\/wp-json\/wp\/v2\/posts\/111292","targetHints":{"allow":["GET"]}}],"collection":[{"href":"https:\/\/tvbrazilusa.com\/pt\/wp-json\/wp\/v2\/posts"}],"about":[{"href":"https:\/\/tvbrazilusa.com\/pt\/wp-json\/wp\/v2\/types\/post"}],"author":[{"embeddable":true,"href":"https:\/\/tvbrazilusa.com\/pt\/wp-json\/wp\/v2\/users\/1"}],"replies":[{"embeddable":true,"href":"https:\/\/tvbrazilusa.com\/pt\/wp-json\/wp\/v2\/comments?post=111292"}],"version-history":[{"count":1,"href":"https:\/\/tvbrazilusa.com\/pt\/wp-json\/wp\/v2\/posts\/111292\/revisions"}],"predecessor-version":[{"id":111294,"href":"https:\/\/tvbrazilusa.com\/pt\/wp-json\/wp\/v2\/posts\/111292\/revisions\/111294"}],"wp:featuredmedia":[{"embeddable":true,"href":"https:\/\/tvbrazilusa.com\/pt\/wp-json\/wp\/v2\/media\/111293"}],"wp:attachment":[{"href":"https:\/\/tvbrazilusa.com\/pt\/wp-json\/wp\/v2\/media?parent=111292"}],"wp:term":[{"taxonomy":"category","embeddable":true,"href":"https:\/\/tvbrazilusa.com\/pt\/wp-json\/wp\/v2\/categories?post=111292"},{"taxonomy":"post_tag","embeddable":true,"href":"https:\/\/tvbrazilusa.com\/pt\/wp-json\/wp\/v2\/tags?post=111292"}],"curies":[{"name":"wp","href":"https:\/\/api.w.org\/{rel}","templated":true}]}}