{"id":111481,"date":"2025-03-16T14:42:45","date_gmt":"2025-03-16T14:42:45","guid":{"rendered":"https:\/\/tvbrazilusa.com\/2025\/03\/16\/homem-poe-bebe-na-cueca-e-pula-de-apartamento-em-chamas-caso-ocorreu-no-reino-unido\/"},"modified":"2025-03-16T14:42:46","modified_gmt":"2025-03-16T14:42:46","slug":"homem-poe-bebe-na-cueca-e-pula-de-apartamento-em-chamas-caso-ocorreu-no-reino-unido","status":"publish","type":"post","link":"https:\/\/tvbrazilusa.com\/pt\/2025\/03\/16\/homem-poe-bebe-na-cueca-e-pula-de-apartamento-em-chamas-caso-ocorreu-no-reino-unido\/","title":{"rendered":"Homem \u2018p\u00f5e bebe\u0302 na cueca\u2019 e pula de apartamento em chamas; caso ocorreu no Reino Unido"},"content":{"rendered":"<p> <script async src=\"https:\/\/pagead2.googlesyndication.com\/pagead\/js\/adsbygoogle.js?client=ca-pub-8864793242727901\"\r\n     crossorigin=\"anonymous\"><\/script><br \/>\n<\/p>\n<div id=\"taboola-read-more\" style=\"display:block; width:100%\">\n<p>Um inc\u00eandio atingiu um pr\u00e9dio em Lochawe Close, Heywood, Manchester, no Reino Unido na tarde de quinta-feira (13). Um homem saltou do primeiro andar, carregando um beb\u00ea de cinco meses preso em sua cueca boxer. O incidente, que ocorreu pouco antes do anoitecer, mobilizou rapidamente equipes de emerg\u00eancia para o local.\n<\/p>\n<p>As chamas afetaram o primeiro andar do edif\u00edcio e causaram o desabamento parcial do telhado. Tr\u00eas pessoas foram hospitalizadas por inala\u00e7\u00e3o de fuma\u00e7a. \u201cEu estava nas lojas e vi a fuma\u00e7a. Corri at\u00e9 o pr\u00e9dio e comecei a bater nas janelas para acordar os moradores\u201d, contou Liam Hughes, 35 anos, ao jornal ingl\u00eas Daily Mail.<\/p>\n<p>O Servi\u00e7o de Inc\u00eandio e Resgate da Grande Manchester (GMFRS) informou que v\u00e1rias unidades foram enviadas para a cena. \u201cV\u00e1rios carros de bombeiros e equipamentos especializados foram mobilizados, e as propriedades vizinhas foram evacuadas\u201d, disse um porta-voz.\n<\/p>\n<p>John Scheerhout, que estava no local, relatou que outro morador, Anthony Wright, de 34 anos, tamb\u00e9m saltou do primeiro andar do pr\u00e9dio. O vizinho do homem que resgatou o beb\u00ea confirmou que ambos estavam bem ap\u00f3s o salto.\n<\/p>\n<p>A pol\u00edcia isolou a \u00e1rea com um cord\u00e3o de seguran\u00e7a nas ruas pr\u00f3ximas, enquanto as autoridades investigam as causas do inc\u00eandio.\n<\/p>\n<p>Fonte: R7              <\/p>\n<\/div>\n<p><br \/>\n<br \/><a href=\"https:\/\/diariodobrasilnoticias.com.br\/noticia\/homem-poe-bebe-na-cueca-e-pula-de-apartamento-em-chamas-caso-ocorreu-no-reino-unido-67d6c7cb46f8f\">Source link <\/a><\/p>","protected":false},"excerpt":{"rendered":"<p>Um inc\u00eandio atingiu um pr\u00e9dio em Lochawe Close, Heywood, Manchester, no Reino Unido na tarde de quinta-feira (13). Um homem saltou do primeiro andar, carregando um beb\u00ea de cinco meses&hellip;<\/p>","protected":false},"author":1,"featured_media":111482,"comment_status":"closed","ping_status":"open","sticky":false,"template":"","format":"standard","meta":{"content-type":"","footnotes":""},"categories":[16],"tags":[123,2448,5313,1267],"class_list":["post-111481","post","type-post","status-publish","format-standard","has-post-thumbnail","hentry","category-noticias","tag-brasil","tag-diario","tag-noticia","tag-noticias"],"_links":{"self":[{"href":"https:\/\/tvbrazilusa.com\/pt\/wp-json\/wp\/v2\/posts\/111481","targetHints":{"allow":["GET"]}}],"collection":[{"href":"https:\/\/tvbrazilusa.com\/pt\/wp-json\/wp\/v2\/posts"}],"about":[{"href":"https:\/\/tvbrazilusa.com\/pt\/wp-json\/wp\/v2\/types\/post"}],"author":[{"embeddable":true,"href":"https:\/\/tvbrazilusa.com\/pt\/wp-json\/wp\/v2\/users\/1"}],"replies":[{"embeddable":true,"href":"https:\/\/tvbrazilusa.com\/pt\/wp-json\/wp\/v2\/comments?post=111481"}],"version-history":[{"count":1,"href":"https:\/\/tvbrazilusa.com\/pt\/wp-json\/wp\/v2\/posts\/111481\/revisions"}],"predecessor-version":[{"id":111483,"href":"https:\/\/tvbrazilusa.com\/pt\/wp-json\/wp\/v2\/posts\/111481\/revisions\/111483"}],"wp:featuredmedia":[{"embeddable":true,"href":"https:\/\/tvbrazilusa.com\/pt\/wp-json\/wp\/v2\/media\/111482"}],"wp:attachment":[{"href":"https:\/\/tvbrazilusa.com\/pt\/wp-json\/wp\/v2\/media?parent=111481"}],"wp:term":[{"taxonomy":"category","embeddable":true,"href":"https:\/\/tvbrazilusa.com\/pt\/wp-json\/wp\/v2\/categories?post=111481"},{"taxonomy":"post_tag","embeddable":true,"href":"https:\/\/tvbrazilusa.com\/pt\/wp-json\/wp\/v2\/tags?post=111481"}],"curies":[{"name":"wp","href":"https:\/\/api.w.org\/{rel}","templated":true}]}}