{"id":111487,"date":"2025-03-16T15:07:39","date_gmt":"2025-03-16T15:07:39","guid":{"rendered":"https:\/\/tvbrazilusa.com\/2025\/03\/16\/bomba-bolsonaro-articula-para-barrar-nome-indicado-por-janja-e-gleisi-para-o-stm\/"},"modified":"2025-03-16T15:07:43","modified_gmt":"2025-03-16T15:07:43","slug":"bomba-bolsonaro-articula-para-barrar-nome-indicado-por-janja-e-gleisi-para-o-stm","status":"publish","type":"post","link":"https:\/\/tvbrazilusa.com\/pt\/2025\/03\/16\/bomba-bolsonaro-articula-para-barrar-nome-indicado-por-janja-e-gleisi-para-o-stm\/","title":{"rendered":"BOMBA: Bolsonaro articula para barrar nome indicado por Janja e Gleisi para o STM"},"content":{"rendered":"<p> <script async src=\"https:\/\/pagead2.googlesyndication.com\/pagead\/js\/adsbygoogle.js?client=ca-pub-8864793242727901\"\r\n     crossorigin=\"anonymous\"><\/script><br \/>\n<\/p>\n<div id=\"taboola-read-more\" style=\"display:block; width:100%\">\n<p>O ex-presidente Jair Bolsonaro (PL) afirmou neste s\u00e1bado, 15, que articula com senadores para barrar a indica\u00e7\u00e3o de Luiz In\u00e1cio Lula da Silva (PT) ao Superior Tribunal Militar (STM).\n<\/p>\n<p>No s\u00e1bado passado, dia 8, Lula indicou a advogada Ver\u00f4nica Abdalla Sterman para ser ministra do STM, tribunal respons\u00e1vel por julgar crimes militares. Antes de assumir o cargo, por\u00e9m, ela precisa passar por sabatina e aprova\u00e7\u00e3o no Senado.<\/p>\n<p>\u201cEu tenho conversado com senadores. O voto \u00e9 secreto. \u00c9 hora de dar um chega para l\u00e1. N\u00e3o queremos esse tipo de gente dentro do Superior Tribunal Militar\u201d, afirmou Bolsonaro em entrevista \u00e0 r\u00e1dio 93 FM Exclusiva, do Rio de Janeiro.\n<\/p>\n<p>Caso seja admitida para o cargo, Ver\u00f4nica Abdalla Sterman assumir\u00e1 uma cadeira destinada \u00e0 advocacia, que ser\u00e1 aberta em abril com a aposentadoria do ministro Jos\u00e9 Co\u00ealho Ferreira, atual vice-presidente da Corte.\n<\/p>\n<p>Ao justificar sua articula\u00e7\u00e3o, Bolsonaro afirmou que Ver\u00f4nica \u00e9 \u201cda mesma linha\u201d da presidente do STM, Maria Elizabeth Rocha. Na quarta-feira, 12, ao tomar posse como presidente do STM, a magistrada disse que v\u00ea crimes militares na conduta do ex-presidente, que \u00e9 capit\u00e3o reformado e foi denunciado no Supremo Tribunal Federal (STF) por tentativa de golpe de Estado.\n<\/p>\n<p>\u201cA (mulher) que est\u00e1 l\u00e1 (no STM) no momento, ela assumiu a presid\u00eancia e no mesmo dia falou que eu tinha que perder a patente de capit\u00e3o e tirar os meus proventos\u201d, criticou Bolsonaro. \u201cEu n\u00e3o sou r\u00e9u, n\u00e3o estou sendo acusado de crime militar nenhum. E essa mulher que est\u00e1 sendo indicada para l\u00e1 agora \u00e9 da mesma linha dessa presidente\u201d, disse.\n<\/p>\n<p>Fonte: Estad\u00e3o              <\/p>\n<\/div>\n<p><br \/>\n<br \/><a href=\"https:\/\/diariodobrasilnoticias.com.br\/noticia\/bomba-bolsonaro-articula-para-barrar-nome-indicado-por-janja-e-gleisi-para-o-stm-67d6cca850d05\">Source link <\/a><\/p>","protected":false},"excerpt":{"rendered":"<p>O ex-presidente Jair Bolsonaro (PL) afirmou neste s\u00e1bado, 15, que articula com senadores para barrar a indica\u00e7\u00e3o de Luiz In\u00e1cio Lula da Silva (PT) ao Superior Tribunal Militar (STM). No&hellip;<\/p>","protected":false},"author":1,"featured_media":111488,"comment_status":"closed","ping_status":"open","sticky":false,"template":"","format":"standard","meta":{"content-type":"","footnotes":""},"categories":[16],"tags":[123,2448,5313,1267],"class_list":["post-111487","post","type-post","status-publish","format-standard","has-post-thumbnail","hentry","category-noticias","tag-brasil","tag-diario","tag-noticia","tag-noticias"],"_links":{"self":[{"href":"https:\/\/tvbrazilusa.com\/pt\/wp-json\/wp\/v2\/posts\/111487","targetHints":{"allow":["GET"]}}],"collection":[{"href":"https:\/\/tvbrazilusa.com\/pt\/wp-json\/wp\/v2\/posts"}],"about":[{"href":"https:\/\/tvbrazilusa.com\/pt\/wp-json\/wp\/v2\/types\/post"}],"author":[{"embeddable":true,"href":"https:\/\/tvbrazilusa.com\/pt\/wp-json\/wp\/v2\/users\/1"}],"replies":[{"embeddable":true,"href":"https:\/\/tvbrazilusa.com\/pt\/wp-json\/wp\/v2\/comments?post=111487"}],"version-history":[{"count":1,"href":"https:\/\/tvbrazilusa.com\/pt\/wp-json\/wp\/v2\/posts\/111487\/revisions"}],"predecessor-version":[{"id":111489,"href":"https:\/\/tvbrazilusa.com\/pt\/wp-json\/wp\/v2\/posts\/111487\/revisions\/111489"}],"wp:featuredmedia":[{"embeddable":true,"href":"https:\/\/tvbrazilusa.com\/pt\/wp-json\/wp\/v2\/media\/111488"}],"wp:attachment":[{"href":"https:\/\/tvbrazilusa.com\/pt\/wp-json\/wp\/v2\/media?parent=111487"}],"wp:term":[{"taxonomy":"category","embeddable":true,"href":"https:\/\/tvbrazilusa.com\/pt\/wp-json\/wp\/v2\/categories?post=111487"},{"taxonomy":"post_tag","embeddable":true,"href":"https:\/\/tvbrazilusa.com\/pt\/wp-json\/wp\/v2\/tags?post=111487"}],"curies":[{"name":"wp","href":"https:\/\/api.w.org\/{rel}","templated":true}]}}