{"id":111490,"date":"2025-03-16T15:23:29","date_gmt":"2025-03-16T15:23:29","guid":{"rendered":"https:\/\/tvbrazilusa.com\/2025\/03\/16\/eua-extraditam-238-integrantes-de-organizacao-criminosa-venezuelana-para-el-salvador-procurados-pela-justica-veja-video\/"},"modified":"2025-03-16T15:23:34","modified_gmt":"2025-03-16T15:23:34","slug":"eua-extraditam-238-integrantes-de-organizacao-criminosa-venezuelana-para-el-salvador-procurados-pela-justica-veja-video","status":"publish","type":"post","link":"https:\/\/tvbrazilusa.com\/pt\/2025\/03\/16\/eua-extraditam-238-integrantes-de-organizacao-criminosa-venezuelana-para-el-salvador-procurados-pela-justica-veja-video\/","title":{"rendered":"EUA extraditam 238 integrantes de organiza\u00e7\u00e3o criminosa venezuelana para El Salvador, procurados pela justi\u00e7a; VEJA V\u00cdDEO"},"content":{"rendered":"<p> <script async src=\"https:\/\/pagead2.googlesyndication.com\/pagead\/js\/adsbygoogle.js?client=ca-pub-8864793242727901\"\r\n     crossorigin=\"anonymous\"><\/script><br \/>\n<\/p>\n<div>\n<p><span class=\"css-1jxf684 r-bcqeeo r-1ttztb7 r-qvutc0 r-poiln3\"><span class=\"css-1jxf684 r-bcqeeo r-1ttztb7 r-qvutc0 r-poiln3 r-a8ghvy\">Em um marco na coopera\u00e7\u00e3o internacional contra o crime, chegaram hoje ao pa\u00eds os primeiros 238 integrantes da organiza\u00e7\u00e3o criminosa venezuelana Tren de Aragua. Os indiv\u00edduos, extraditados pelos Estados Unidos, foram imediatamente encaminhados ao Centro de Confinamento do Terrorismo (CECOT), onde cumprir\u00e3o um per\u00edodo inicial de um ano, sujeito a renova\u00e7\u00e3o. A opera\u00e7\u00e3o tamb\u00e9m incluiu a entrega de 23 membros da temida gangue MS-13, procurados pela justi\u00e7a salvadorenha, entre eles dois l\u00edderes \u2013 um pertencente \u00e0 c\u00fapula m\u00e1xima da organiza\u00e7\u00e3o.<\/span><\/span><\/p>\n<p>\u00a0<\/p>\n<p><span class=\"css-1jxf684 r-bcqeeo r-1ttztb7 r-qvutc0 r-poiln3\"><span class=\"css-1jxf684 r-bcqeeo r-1ttztb7 r-qvutc0 r-poiln3 r-a8ghvy\">Segundo autoridades, o acordo com os EUA envolve um custo baixo para os americanos, mas representa um alto ganho estrat\u00e9gico para El Salvador. A transfer\u00eancia desses criminosos n\u00e3o apenas refor\u00e7a a seguran\u00e7a nacional, mas tamb\u00e9m integra um plano mais amplo de autossustentabilidade do sistema prisional. Atualmente, o sistema custa 200 milh\u00f5es de d\u00f3lares anuais aos cofres p\u00fablicos, mas iniciativas como o programa &#8220;Zero Ociosidade&#8221; \u2013 que j\u00e1 emprega mais de 40 mil detentos em oficinas e trabalhos produtivos \u2013 est\u00e3o mudando esse cen\u00e1rio. A chegada dos novos presos deve impulsionar ainda mais essa produ\u00e7\u00e3o, reduzindo a depend\u00eancia de recursos externos.<\/span><\/span><\/p>\n<p>\u00a0<\/p>\n<p><strong><span class=\"css-1jxf684 r-bcqeeo r-1ttztb7 r-qvutc0 r-poiln3\"><span class=\"css-1jxf684 r-bcqeeo r-1ttztb7 r-qvutc0 r-poiln3 r-a8ghvy\">Foco na Intelig\u00eancia e Erradica\u00e7\u00e3o da MS-13<\/span><\/span><\/strong><\/p>\n<p>\u00a0<\/p>\n<p><span class=\"css-1jxf684 r-bcqeeo r-1ttztb7 r-qvutc0 r-poiln3\"><span class=\"css-1jxf684 r-bcqeeo r-1ttztb7 r-qvutc0 r-poiln3 r-a8ghvy\">A inclus\u00e3o dos l\u00edderes da MS-13 na opera\u00e7\u00e3o \u00e9 vista como um avan\u00e7o crucial. &#8220;Com esses indiv\u00edduos no CECOT, poderemos finalizar a coleta de intelig\u00eancia necess\u00e1ria para desmantelar os \u00faltimos focos da MS-13 no pa\u00eds&#8221;, afirmou uma fonte do governo. O objetivo \u00e9 rastrear ex-membros, novos recrutas, esconderijos, armas, drogas, dinheiro e redes de apoio, como colaboradores e financiadores, que ainda sustentam a gangue.<\/span><\/span><\/p>\n<p>\u00a0<\/p>\n<p><strong><span class=\"css-1jxf684 r-bcqeeo r-1ttztb7 r-qvutc0 r-poiln3\"><span class=\"css-1jxf684 r-bcqeeo r-1ttztb7 r-qvutc0 r-poiln3 r-a8ghvy\">Uma Estrat\u00e9gia Multidimensional<\/span><\/span><\/strong><\/p>\n<p>\u00a0<\/p>\n<p><span class=\"css-1jxf684 r-bcqeeo r-1ttztb7 r-qvutc0 r-poiln3\"><span class=\"css-1jxf684 r-bcqeeo r-1ttztb7 r-qvutc0 r-poiln3 r-a8ghvy\">O governo destaca que essa a\u00e7\u00e3o vai al\u00e9m do combate direto ao crime organizado. &#8220;Estamos ajudando nossos aliados, tornando nosso sistema prisional autossustent\u00e1vel e obtendo informa\u00e7\u00f5es vitais para a seguran\u00e7a, tudo ao mesmo tempo&#8221;, declarou um porta-voz oficial. A parceria com os Estados Unidos simboliza um esfor\u00e7o conjunto que beneficia ambas as na\u00e7\u00f5es, enquanto El Salvador se consolida como um exemplo na luta contra a criminalidade transnacional.<\/span><\/span><\/p>\n<p>\u00a0<\/p>\n<p><strong><span class=\"css-1jxf684 r-bcqeeo r-1ttztb7 r-qvutc0 r-poiln3\"><span class=\"css-1jxf684 r-bcqeeo r-1ttztb7 r-qvutc0 r-poiln3 r-a8ghvy\">Um Pa\u00eds Mais Seguro<\/span><\/span><\/strong><\/p>\n<p>\u00a0<\/p>\n<p><span class=\"css-1jxf684 r-bcqeeo r-1ttztb7 r-qvutc0 r-poiln3\"><span class=\"css-1jxf684 r-bcqeeo r-1ttztb7 r-qvutc0 r-poiln3 r-a8ghvy\">Com essa opera\u00e7\u00e3o, o pa\u00eds reafirma seu compromisso de erradicar o crime organizado e construir um futuro mais seguro para seus cidad\u00e3os. &#8220;Que Deus aben\u00e7oe El Salvador e os Estados Unidos&#8221;, declarou uma autoridade ao final do an\u00fancio, ecoando o sentimento de esperan\u00e7a e determina\u00e7\u00e3o que acompanha essa nova etapa.<\/span><\/span><\/p>\n<p>\u00a0<\/p>\n<p><span class=\"css-1jxf684 r-bcqeeo r-1ttztb7 r-qvutc0 r-poiln3\"><span class=\"css-1jxf684 r-bcqeeo r-1ttztb7 r-qvutc0 r-poiln3 r-a8ghvy\">A chegada dos membros do Tren de Aragua e da MS-13 ao CECOT \u00e9 mais um cap\u00edtulo na transforma\u00e7\u00e3o do sistema de seguran\u00e7a p\u00fablica salvadorenho, que combina repress\u00e3o, intelig\u00eancia e inova\u00e7\u00e3o para enfrentar os desafios do presente e do futuro.<\/span><\/span><\/p>\n<p>\u00a0<\/p>\n<p><span class=\"css-1jxf684 r-bcqeeo r-1ttztb7 r-qvutc0 r-poiln3\"><span class=\"css-1jxf684 r-bcqeeo r-1ttztb7 r-qvutc0 r-poiln3 r-a8ghvy\">Veja v\u00eddeo:<\/span><\/span><\/p>\n<p>\u00a0<\/p>\n<div class=\"css-146c3p1 r-bcqeeo r-1ttztb7 r-qvutc0 r-37j5jr r-a023e6 r-16dba41 r-1adg3ll r-a8ghvy r-p1pxzi\" dir=\"ltr\">\n<div style=\"display: flex; flex-direction: row; justify-content: center; width: 100%;\">\n<blockquote class=\"twitter-tweet\">\n<p dir=\"ltr\" lang=\"en\">Today, the first 238 members of the Venezuelan criminal organization, Tren de Aragua, arrived in our country. They were immediately transferred to CECOT, the Terrorism Confinement Center, for a period of one year (renewable).<\/p>\n<p>The United States will pay a very low fee for them,\u2026 <a href=\"https:\/\/t.co\/tfsi8cgpD6\">pic.twitter.com\/tfsi8cgpD6<\/a><br \/>\n\u2014 Nayib Bukele (@nayibbukele) <a href=\"https:\/\/twitter.com\/nayibbukele\/status\/1901245427216978290?ref_src=twsrc%5Etfw\">March 16, 2025<\/a><\/p>\n<\/blockquote>\n<\/div>\n<\/div>\n<p>\u00a0<\/p>\n<p><span class=\"css-1jxf684 r-bcqeeo r-1ttztb7 r-qvutc0 r-poiln3\"><span class=\"css-1jxf684 r-bcqeeo r-1ttztb7 r-qvutc0 r-poiln3 r-a8ghvy\">Desenvolvido com ajuda de IA<\/span><\/span><\/p>\n<\/div>\n<p><script async src=\"\/\/platform.twitter.com\/widgets.js\" charset=\"utf-8\"><\/script><br \/>\n<br \/><br \/>\n<br \/><a href=\"https:\/\/diariodobrasilnoticias.com.br\/noticia\/eua-extraditam-238-integrantes-de-organizacao-criminosa-venezuelana-para-el-salvador-procurados-pela-justica-veja-video-67d6cf9744043\">Source link <\/a><\/p>","protected":false},"excerpt":{"rendered":"<p>Em um marco na coopera\u00e7\u00e3o internacional contra o crime, chegaram hoje ao pa\u00eds os primeiros 238 integrantes da organiza\u00e7\u00e3o criminosa venezuelana Tren de Aragua. Os indiv\u00edduos, extraditados pelos Estados Unidos,&hellip;<\/p>","protected":false},"author":1,"featured_media":111491,"comment_status":"closed","ping_status":"open","sticky":false,"template":"","format":"standard","meta":{"content-type":"","footnotes":""},"categories":[16],"tags":[123,2448,5313,1267],"class_list":["post-111490","post","type-post","status-publish","format-standard","has-post-thumbnail","hentry","category-noticias","tag-brasil","tag-diario","tag-noticia","tag-noticias"],"_links":{"self":[{"href":"https:\/\/tvbrazilusa.com\/pt\/wp-json\/wp\/v2\/posts\/111490","targetHints":{"allow":["GET"]}}],"collection":[{"href":"https:\/\/tvbrazilusa.com\/pt\/wp-json\/wp\/v2\/posts"}],"about":[{"href":"https:\/\/tvbrazilusa.com\/pt\/wp-json\/wp\/v2\/types\/post"}],"author":[{"embeddable":true,"href":"https:\/\/tvbrazilusa.com\/pt\/wp-json\/wp\/v2\/users\/1"}],"replies":[{"embeddable":true,"href":"https:\/\/tvbrazilusa.com\/pt\/wp-json\/wp\/v2\/comments?post=111490"}],"version-history":[{"count":1,"href":"https:\/\/tvbrazilusa.com\/pt\/wp-json\/wp\/v2\/posts\/111490\/revisions"}],"predecessor-version":[{"id":111492,"href":"https:\/\/tvbrazilusa.com\/pt\/wp-json\/wp\/v2\/posts\/111490\/revisions\/111492"}],"wp:featuredmedia":[{"embeddable":true,"href":"https:\/\/tvbrazilusa.com\/pt\/wp-json\/wp\/v2\/media\/111491"}],"wp:attachment":[{"href":"https:\/\/tvbrazilusa.com\/pt\/wp-json\/wp\/v2\/media?parent=111490"}],"wp:term":[{"taxonomy":"category","embeddable":true,"href":"https:\/\/tvbrazilusa.com\/pt\/wp-json\/wp\/v2\/categories?post=111490"},{"taxonomy":"post_tag","embeddable":true,"href":"https:\/\/tvbrazilusa.com\/pt\/wp-json\/wp\/v2\/tags?post=111490"}],"curies":[{"name":"wp","href":"https:\/\/api.w.org\/{rel}","templated":true}]}}