{"id":111493,"date":"2025-03-16T15:35:16","date_gmt":"2025-03-16T15:35:16","guid":{"rendered":"https:\/\/tvbrazilusa.com\/2025\/03\/16\/flavio-bolsonaro-esse-alexandrismo-tem-que-acabar-declaracao-foi-dada-nesta-manha-de-domingo-16\/"},"modified":"2025-03-16T15:35:20","modified_gmt":"2025-03-16T15:35:20","slug":"flavio-bolsonaro-esse-alexandrismo-tem-que-acabar-declaracao-foi-dada-nesta-manha-de-domingo-16","status":"publish","type":"post","link":"https:\/\/tvbrazilusa.com\/pt\/2025\/03\/16\/flavio-bolsonaro-esse-alexandrismo-tem-que-acabar-declaracao-foi-dada-nesta-manha-de-domingo-16\/","title":{"rendered":"Fl\u00e1vio Bolsonaro: \u201cEsse alexandrismo tem que acabar\u201d, declara\u00e7\u00e3o foi dada nesta manh\u00e3 de domingo (16)"},"content":{"rendered":"<p> <script async src=\"https:\/\/pagead2.googlesyndication.com\/pagead\/js\/adsbygoogle.js?client=ca-pub-8864793242727901\"\r\n     crossorigin=\"anonymous\"><\/script><br \/>\n<\/p>\n<div id=\"taboola-read-more\" style=\"display:block; width:100%\">\n<p>O senador Fl\u00e1vio Bolsonaro (PL-RJ) afirmou na manh\u00e3 deste domingo, 16, que o ato organizado pelo pai, o ex-presidente Jair Bolsonaro (PL), na Praia de Copacabana, tem como objetivo combater o \u201calexandrismo\u201d e promover a anistia aos envolvidos nos atos de 8 de janeiro.\u00a0\n<\/p>\n<p>Em v\u00eddeo, Fl\u00e1vio criticou o ministro Alexandre de Moraes, do Supremo Tribunal Federal (STF), e o acusou de desrespeitar normas jur\u00eddicas e de agir por vingan\u00e7a.<\/p>\n<p>O senador Fl\u00e1vio Bolsonaro (PL-RJ) afirmou na manh\u00e3 deste domingo, 16, que o ato organizado pelo pai, o ex-presidente Jair Bolsonaro (PL), na Praia de Copacabana, tem como objetivo combater o \u201calexandrismo\u201d e promover a anistia aos envolvidos nos atos de 8 de janeiro.\n<\/p>\n<p>Em v\u00eddeo, Fl\u00e1vio criticou o ministro Alexandre de Moraes, do Supremo Tribunal Federal (STF), e o acusou de desrespeitar normas jur\u00eddicas e de agir por vingan\u00e7a.\n<\/p>\n<p>Fl\u00e1vio Bolsonaro disse que o ministro tem agido com pressa para aplicar puni\u00e7\u00f5es:\n<\/p>\n<p>\u201cRasgando a nossa Constitui\u00e7\u00e3o sem processo legal, sem ampla defesa, sem contradit\u00f3rio. \u00c9 uma pressa para que se concretize uma certa vingan\u00e7a. Isso n\u00e3o tem espa\u00e7o na nossa democracia, esse \u2018alexandrismo\u2019 tem que acabar.\u201d\n<\/p>\n<p>O senador disse ainda acreditar que a oposi\u00e7\u00e3o no Congresso j\u00e1 possui os votos necess\u00e1rios para aprovar um projeto de anistia para os presos do 8 de janeiro.\n<\/p>\n<p><strong>Ato em Copacabana<\/strong>\n<\/p>\n<p>Durante o evento, diversos parlamentares e governadores, como Cl\u00e1udio Castro (PL-RJ) e Tarc\u00edsio de Freitas (Republicanos-SP), devem se reunir em um trio el\u00e9trico.\n<\/p>\n<p>O ato tamb\u00e9m tem como objetivo pressionar o STF, especialmente o ministro Alexandre de Moraes, que tem sido alvo de cr\u00edticas frequentes de Bolsonaro e seus aliados.\n<\/p>\n<p><strong>Den\u00fancia contra Bolsonaro<\/strong>\n<\/p>\n<p>O ato em Copacabana ocorre enquanto o STF analisa a den\u00fancia da Procuradoria-Geral da Rep\u00fablica (PGR) contra Bolsonaro, acusado de tentar um golpe de Estado.\n<\/p>\n<p>Bolsonaro foi denunciado junto com outras 33 pessoas por suposto envolvimento no planejamento e tentativa de execu\u00e7\u00e3o de um golpe de Estado ap\u00f3s sua derrota para Lula nas elei\u00e7\u00f5es de 2022.\n<\/p>\n<p>A den\u00fancia inclui acusa\u00e7\u00f5es de tentativa de aboli\u00e7\u00e3o violenta do Estado democr\u00e1tico de Direito, golpe de Estado, dano qualificado, deteriora\u00e7\u00e3o de patrim\u00f4nio tombado e participa\u00e7\u00e3o em organiza\u00e7\u00e3o criminosa.\n<\/p>\n<p>Segundo a PGR, Bolsonaro teria editado uma minuta golpista, buscado apoio dos comandantes das For\u00e7as Armadas para a conspira\u00e7\u00e3o, concordado com um plano para assassinar o ministro Alexandre de Moraes e sido um dos respons\u00e1veis pelos ataques \u00e0s sedes dos Tr\u00eas Poderes em 8 de janeiro de 2023.\n<\/p>\n<p>Fonte: O Antagonista\n              <\/p>\n<\/div>\n<p><br \/>\n<br \/><a href=\"https:\/\/diariodobrasilnoticias.com.br\/noticia\/flavio-bolsonaro-esse-alexandrismo-tem-que-acabar-declaracao-foi-dada-nesta-manha-de-domingo-16-67d6d1a0e2fa2\">Source link <\/a><\/p>","protected":false},"excerpt":{"rendered":"<p>O senador Fl\u00e1vio Bolsonaro (PL-RJ) afirmou na manh\u00e3 deste domingo, 16, que o ato organizado pelo pai, o ex-presidente Jair Bolsonaro (PL), na Praia de Copacabana, tem como objetivo combater&hellip;<\/p>","protected":false},"author":1,"featured_media":111494,"comment_status":"closed","ping_status":"open","sticky":false,"template":"","format":"standard","meta":{"content-type":"","footnotes":""},"categories":[16],"tags":[123,2448,5313,1267],"class_list":["post-111493","post","type-post","status-publish","format-standard","has-post-thumbnail","hentry","category-noticias","tag-brasil","tag-diario","tag-noticia","tag-noticias"],"_links":{"self":[{"href":"https:\/\/tvbrazilusa.com\/pt\/wp-json\/wp\/v2\/posts\/111493","targetHints":{"allow":["GET"]}}],"collection":[{"href":"https:\/\/tvbrazilusa.com\/pt\/wp-json\/wp\/v2\/posts"}],"about":[{"href":"https:\/\/tvbrazilusa.com\/pt\/wp-json\/wp\/v2\/types\/post"}],"author":[{"embeddable":true,"href":"https:\/\/tvbrazilusa.com\/pt\/wp-json\/wp\/v2\/users\/1"}],"replies":[{"embeddable":true,"href":"https:\/\/tvbrazilusa.com\/pt\/wp-json\/wp\/v2\/comments?post=111493"}],"version-history":[{"count":1,"href":"https:\/\/tvbrazilusa.com\/pt\/wp-json\/wp\/v2\/posts\/111493\/revisions"}],"predecessor-version":[{"id":111495,"href":"https:\/\/tvbrazilusa.com\/pt\/wp-json\/wp\/v2\/posts\/111493\/revisions\/111495"}],"wp:featuredmedia":[{"embeddable":true,"href":"https:\/\/tvbrazilusa.com\/pt\/wp-json\/wp\/v2\/media\/111494"}],"wp:attachment":[{"href":"https:\/\/tvbrazilusa.com\/pt\/wp-json\/wp\/v2\/media?parent=111493"}],"wp:term":[{"taxonomy":"category","embeddable":true,"href":"https:\/\/tvbrazilusa.com\/pt\/wp-json\/wp\/v2\/categories?post=111493"},{"taxonomy":"post_tag","embeddable":true,"href":"https:\/\/tvbrazilusa.com\/pt\/wp-json\/wp\/v2\/tags?post=111493"}],"curies":[{"name":"wp","href":"https:\/\/api.w.org\/{rel}","templated":true}]}}