{"id":111505,"date":"2025-03-16T16:30:51","date_gmt":"2025-03-16T16:30:51","guid":{"rendered":"https:\/\/tvbrazilusa.com\/2025\/03\/16\/presidente-do-pv-da-bahia-e-libertado-na-noite-deste-ultimo-sabado-15-apos-sequestro\/"},"modified":"2025-03-16T16:30:52","modified_gmt":"2025-03-16T16:30:52","slug":"presidente-do-pv-da-bahia-e-libertado-na-noite-deste-ultimo-sabado-15-apos-sequestro","status":"publish","type":"post","link":"https:\/\/tvbrazilusa.com\/pt\/2025\/03\/16\/presidente-do-pv-da-bahia-e-libertado-na-noite-deste-ultimo-sabado-15-apos-sequestro\/","title":{"rendered":"Presidente do PV da Bahia \u00e9 libertado na noite deste \u00faltimo s\u00e1bado (15), ap\u00f3s sequestro"},"content":{"rendered":"<p> <script async src=\"https:\/\/pagead2.googlesyndication.com\/pagead\/js\/adsbygoogle.js?client=ca-pub-8864793242727901\"\r\n     crossorigin=\"anonymous\"><\/script><br \/>\n<\/p>\n<div id=\"taboola-read-more\" style=\"display:block; width:100%\">\n<p>O presidente do Partido Verde (PV) da Bahia, Ivanilson Gomes (foto), foi libertado na noite deste s\u00e1bado, 15, ap\u00f3s ser sequestrado na sede do partido em Salvador.\n<\/p>\n<p>A Pol\u00edcia Civil informou que ele est\u00e1 em seguran\u00e7a e foi encaminhado para a Delegacia Especializada Antissequestro, que lidera as investiga\u00e7\u00f5es sobre o caso. N\u00e3o h\u00e1 informa\u00e7\u00f5es sobre o estado de sa\u00fade da v\u00edtima.<\/p>\n<p>Um suspeito j\u00e1 foi preso, e a pol\u00edcia continua trabalhando para identificar e prender todos os envolvidos.\u00a0 Segundo o jornal O Globo, a pessoa detida \u00e9 integrante do pr\u00f3prio partido no estado, que ocupa uma secretaria na diretoria estadual da legenda.\n<\/p>\n<p>A pris\u00e3o ocorreu ap\u00f3s imagens de c\u00e2meras de seguran\u00e7a e depoimentos de testemunhas que registraram a entrada dos criminosos na sede do partido, no bairro Rio Vermelho, durante a tarde de sexta-feira. A investiga\u00e7\u00e3o ainda est\u00e1 apurando a participa\u00e7\u00e3o do detido no crime.\n<\/p>\n<p>Na tarde de s\u00e1bado, o governador Jer\u00f4nimo Rodrigues se reuniu com autoridades de seguran\u00e7a p\u00fablica, incluindo o secret\u00e1rio Marcelo Werner e a delegada-geral Helo\u00edsa Brito, para discutir o andamento das investiga\u00e7\u00f5es e definir estrat\u00e9gias para combater crimes desse tipo.\n<\/p>\n<p>A pol\u00edcia pede que qualquer informa\u00e7\u00e3o relevante seja encaminhada de forma sigilosa pelo Disque Den\u00fancia da Secretaria de Seguran\u00e7a P\u00fablica (SSP), atrav\u00e9s do n\u00famero 181.\n<\/p>\n<p>Fonte: O Antagonista              <\/p>\n<\/div>\n<p><br \/>\n<br \/><a href=\"https:\/\/diariodobrasilnoticias.com.br\/noticia\/presidente-do-pv-da-bahia-e-libertado-na-noite-deste-ultimo-sabado-15-apos-sequestro-67d6dbe3700d6\">Source link <\/a><\/p>","protected":false},"excerpt":{"rendered":"<p>O presidente do Partido Verde (PV) da Bahia, Ivanilson Gomes (foto), foi libertado na noite deste s\u00e1bado, 15, ap\u00f3s ser sequestrado na sede do partido em Salvador. A Pol\u00edcia Civil&hellip;<\/p>","protected":false},"author":1,"featured_media":111506,"comment_status":"closed","ping_status":"open","sticky":false,"template":"","format":"standard","meta":{"content-type":"","footnotes":""},"categories":[16],"tags":[123,2448,5313,1267],"class_list":["post-111505","post","type-post","status-publish","format-standard","has-post-thumbnail","hentry","category-noticias","tag-brasil","tag-diario","tag-noticia","tag-noticias"],"_links":{"self":[{"href":"https:\/\/tvbrazilusa.com\/pt\/wp-json\/wp\/v2\/posts\/111505","targetHints":{"allow":["GET"]}}],"collection":[{"href":"https:\/\/tvbrazilusa.com\/pt\/wp-json\/wp\/v2\/posts"}],"about":[{"href":"https:\/\/tvbrazilusa.com\/pt\/wp-json\/wp\/v2\/types\/post"}],"author":[{"embeddable":true,"href":"https:\/\/tvbrazilusa.com\/pt\/wp-json\/wp\/v2\/users\/1"}],"replies":[{"embeddable":true,"href":"https:\/\/tvbrazilusa.com\/pt\/wp-json\/wp\/v2\/comments?post=111505"}],"version-history":[{"count":1,"href":"https:\/\/tvbrazilusa.com\/pt\/wp-json\/wp\/v2\/posts\/111505\/revisions"}],"predecessor-version":[{"id":111507,"href":"https:\/\/tvbrazilusa.com\/pt\/wp-json\/wp\/v2\/posts\/111505\/revisions\/111507"}],"wp:featuredmedia":[{"embeddable":true,"href":"https:\/\/tvbrazilusa.com\/pt\/wp-json\/wp\/v2\/media\/111506"}],"wp:attachment":[{"href":"https:\/\/tvbrazilusa.com\/pt\/wp-json\/wp\/v2\/media?parent=111505"}],"wp:term":[{"taxonomy":"category","embeddable":true,"href":"https:\/\/tvbrazilusa.com\/pt\/wp-json\/wp\/v2\/categories?post=111505"},{"taxonomy":"post_tag","embeddable":true,"href":"https:\/\/tvbrazilusa.com\/pt\/wp-json\/wp\/v2\/tags?post=111505"}],"curies":[{"name":"wp","href":"https:\/\/api.w.org\/{rel}","templated":true}]}}