{"id":111511,"date":"2025-03-16T16:55:16","date_gmt":"2025-03-16T16:55:16","guid":{"rendered":"https:\/\/tvbrazilusa.com\/2025\/03\/16\/dono-da-fabricante-de-refrigerantes-dolly-laerte-codonho-e-condenado-a-prisao-veja\/"},"modified":"2025-03-16T16:55:17","modified_gmt":"2025-03-16T16:55:17","slug":"dono-da-fabricante-de-refrigerantes-dolly-laerte-codonho-e-condenado-a-prisao-veja","status":"publish","type":"post","link":"https:\/\/tvbrazilusa.com\/pt\/2025\/03\/16\/dono-da-fabricante-de-refrigerantes-dolly-laerte-codonho-e-condenado-a-prisao-veja\/","title":{"rendered":"Dono da fabricante de refrigerantes Dolly, Laerte Codonho, \u00e9 condenado \u00e0 pris\u00e3o; veja"},"content":{"rendered":"<p> <script async src=\"https:\/\/pagead2.googlesyndication.com\/pagead\/js\/adsbygoogle.js?client=ca-pub-8864793242727901\"\r\n     crossorigin=\"anonymous\"><\/script><br \/>\n<\/p>\n<div id=\"taboola-read-more\" style=\"display:block; width:100%\">\n<p>O empres\u00e1rio Laerte Codonho, dono da fabricante de refrigerantes Dolly, foi condenado pela Justi\u00e7a de S\u00e3o Paulo a 16 anos e dois meses de pris\u00e3o por crimes ambientais, corrup\u00e7\u00e3o de policiais e falsifica\u00e7\u00e3o de documentos.\u00a0\n<\/p>\n<p>A decis\u00e3o, assinada pelo juiz Djalma Moreira Gomes Junior, da Comarca de Itapecerica da Serra, foi publicada na \u00faltima quinta-feira, 13.<\/p>\n<p>Codonho dever\u00e1 cumprir 11 anos e quatro meses de reclus\u00e3o em regime fechado e mais quatro anos e dez meses de deten\u00e7\u00e3o em regime semiaberto.\n<\/p>\n<p>Al\u00e9m da pena de pris\u00e3o, foi condenado a pagar cerca de R$ 570 mil em multas. Outras sete pessoas tamb\u00e9m foram sentenciadas no caso. Ainda cabe recurso.\n<\/p>\n<p><strong>Desmatamento e pagamento de propina<\/strong>\n<\/p>\n<p>A condena\u00e7\u00e3o decorre de uma den\u00fancia apresentada pelo Minist\u00e9rio P\u00fablico de S\u00e3o Paulo em 2019.\n<\/p>\n<p>Segundo a promotoria, Codonho e seus colaboradores desmataram mais de cinco hectares de \u00e1rea preservada em S\u00e3o Louren\u00e7o da Serra, na Grande S\u00e3o Paulo, entre 2014 e 2016, sem licen\u00e7a ambiental. O objetivo era explorar comercialmente a extra\u00e7\u00e3o e o envase de \u00e1gua mineral.\n<\/p>\n<p>Al\u00e9m do crime ambiental, o empres\u00e1rio foi acusado de pagar propina a policiais civis e ao ent\u00e3o diretor de obras do munic\u00edpio para evitar san\u00e7\u00f5es pelo desmatamento irregular.\n<\/p>\n<p>Em sua senten\u00e7a, o juiz afirmou que Codonho era o l\u00edder do esquema criminoso e que seus subordinados seguiam suas ordens.\n<\/p>\n<p>\u201cDiante da sua condi\u00e7\u00e3o de \u2018cabe\u00e7a\u2019 do esquema, sua culpabilidade \u00e9 mais exacerbada que a dos demais acusados, pois detinha o controle final dos atos e poderia, com um simples comando, cessar todas as condutas criminosas\u201d, escreveu o magistrado.\n<\/p>\n<p><strong>Defesa nega acusa\u00e7\u00f5es<\/strong>\n<\/p>\n<p>O empres\u00e1rio nega as acusa\u00e7\u00f5es e afirma que a senten\u00e7a ser\u00e1 anulada. \u201cEssa decis\u00e3o \u00e9 t\u00e3o absurda que vai ser toda anulada\u201d, disse \u00e0 Folha de S.Paulo.\n<\/p>\n<p>Ele tamb\u00e9m contesta a acusa\u00e7\u00e3o de corrup\u00e7\u00e3o e afirma que seu celular foi periciado pelo Minist\u00e9rio P\u00fablico e que n\u00e3o h\u00e1 provas contra ele.\n<\/p>\n<p>Sobre o crime ambiental, Codonho afirma que, ao comprar o terreno, havia permiss\u00e3o para construir um galp\u00e3o na \u00e1rea desmatada.\n<\/p>\n<p>Codonho j\u00e1 havia sido preso em 2018, durante as investiga\u00e7\u00f5es sobre o esquema. A defesa informou que ir\u00e1 recorrer da decis\u00e3o.\n<\/p>\n<p>Fonte: O Antagonista              <\/p>\n<\/div>\n<p><br \/>\n<br \/><a href=\"https:\/\/diariodobrasilnoticias.com.br\/noticia\/dono-da-fabricante-de-refrigerantes-dolly-laerte-codonho-e-condenado-a-prisao-veja-67d6edbe2b7dc\">Source link <\/a><\/p>","protected":false},"excerpt":{"rendered":"<p>O empres\u00e1rio Laerte Codonho, dono da fabricante de refrigerantes Dolly, foi condenado pela Justi\u00e7a de S\u00e3o Paulo a 16 anos e dois meses de pris\u00e3o por crimes ambientais, corrup\u00e7\u00e3o de&hellip;<\/p>","protected":false},"author":1,"featured_media":111512,"comment_status":"closed","ping_status":"open","sticky":false,"template":"","format":"standard","meta":{"content-type":"","footnotes":""},"categories":[16],"tags":[123,2448,5313,1267],"class_list":["post-111511","post","type-post","status-publish","format-standard","has-post-thumbnail","hentry","category-noticias","tag-brasil","tag-diario","tag-noticia","tag-noticias"],"_links":{"self":[{"href":"https:\/\/tvbrazilusa.com\/pt\/wp-json\/wp\/v2\/posts\/111511","targetHints":{"allow":["GET"]}}],"collection":[{"href":"https:\/\/tvbrazilusa.com\/pt\/wp-json\/wp\/v2\/posts"}],"about":[{"href":"https:\/\/tvbrazilusa.com\/pt\/wp-json\/wp\/v2\/types\/post"}],"author":[{"embeddable":true,"href":"https:\/\/tvbrazilusa.com\/pt\/wp-json\/wp\/v2\/users\/1"}],"replies":[{"embeddable":true,"href":"https:\/\/tvbrazilusa.com\/pt\/wp-json\/wp\/v2\/comments?post=111511"}],"version-history":[{"count":1,"href":"https:\/\/tvbrazilusa.com\/pt\/wp-json\/wp\/v2\/posts\/111511\/revisions"}],"predecessor-version":[{"id":111513,"href":"https:\/\/tvbrazilusa.com\/pt\/wp-json\/wp\/v2\/posts\/111511\/revisions\/111513"}],"wp:featuredmedia":[{"embeddable":true,"href":"https:\/\/tvbrazilusa.com\/pt\/wp-json\/wp\/v2\/media\/111512"}],"wp:attachment":[{"href":"https:\/\/tvbrazilusa.com\/pt\/wp-json\/wp\/v2\/media?parent=111511"}],"wp:term":[{"taxonomy":"category","embeddable":true,"href":"https:\/\/tvbrazilusa.com\/pt\/wp-json\/wp\/v2\/categories?post=111511"},{"taxonomy":"post_tag","embeddable":true,"href":"https:\/\/tvbrazilusa.com\/pt\/wp-json\/wp\/v2\/tags?post=111511"}],"curies":[{"name":"wp","href":"https:\/\/api.w.org\/{rel}","templated":true}]}}