{"id":111514,"date":"2025-03-16T17:07:28","date_gmt":"2025-03-16T17:07:28","guid":{"rendered":"https:\/\/tvbrazilusa.com\/2025\/03\/16\/familiares-de-clezao-que-morreu-quando-estava-preso-pelo-8-1-dizem-estamos-lutando-pela-anistia-para-que-outras-vidas-nao-sejam-perdidas-veja-video\/"},"modified":"2025-03-16T17:07:29","modified_gmt":"2025-03-16T17:07:29","slug":"familiares-de-clezao-que-morreu-quando-estava-preso-pelo-8-1-dizem-estamos-lutando-pela-anistia-para-que-outras-vidas-nao-sejam-perdidas-veja-video","status":"publish","type":"post","link":"https:\/\/tvbrazilusa.com\/pt\/2025\/03\/16\/familiares-de-clezao-que-morreu-quando-estava-preso-pelo-8-1-dizem-estamos-lutando-pela-anistia-para-que-outras-vidas-nao-sejam-perdidas-veja-video\/","title":{"rendered":"Familiares de Clez\u00e3o, que morreu quando estava preso pelo 8\/1, dizem: &#8216;Estamos lutando pela anistia para que outras vidas n\u00e3o sejam perdidas; VEJA V\u00cdDEO"},"content":{"rendered":"<p> <script async src=\"https:\/\/pagead2.googlesyndication.com\/pagead\/js\/adsbygoogle.js?client=ca-pub-8864793242727901\"\r\n     crossorigin=\"anonymous\"><\/script><br \/>\n<\/p>\n<div id=\"taboola-read-more\" style=\"display:block; width:100%\">\n<p>Familiares de Cl\u00e9riston Pereira da Cunha, conhecido como \u201cClez\u00e3o\u201d, que morreu enquanto estava preso em Bras\u00edlia por envolvimento nos atos de 8\/1, participam de ato pela anistia, no Rio de Janeiro. Clez\u00e3o ser\u00e1 homenageado durante o ato.\n<\/p>\n<p>\u201cEstamos lutando pela anistia para que outras vidas n\u00e3o sejam perdidas. N\u00e3o estamos pedindo privil\u00e9gio para ningu\u00e9m, s\u00f3 queremos justi\u00e7a pela vida do Clez\u00e3o e de tantos outros que est\u00e1 interrompida por conta de arbitrariedades do ministro Alexandre de Moraes\u201d.<\/p>\n<p>Veja v\u00eddeo:\n<\/p>\n<div style=\"display: flex; flex-direction: row; justify-content: center; width: 100%;\">\n<blockquote class=\"twitter-tweet\">\n<p dir=\"ltr\" lang=\"pt\">\u25b6\ufe0f Familiares de Cl\u00e9riston Pereira da Cunha, conhecido como \u201cClez\u00e3o\u201d, que morreu enquanto estava preso em Bras\u00edlia por envolvimento nos atos de 8\/1, participam de ato pela anistia, no Rio de Janeiro. <\/p>\n<p>&#8220;Estamos lutando pela anistia para que outras vidas n\u00e3o sejam perdidas. N\u00e3o\u2026 <a href=\"https:\/\/t.co\/cnWR1xh7o1\">pic.twitter.com\/cnWR1xh7o1<\/a><br \/>\n\u2014 Metr\u00f3poles (@Metropoles) <a href=\"https:\/\/twitter.com\/Metropoles\/status\/1901261677556830551?ref_src=twsrc%5Etfw\">March 16, 2025<\/a><\/p>\n<\/blockquote>\n<\/div>\n<p>Metr\u00f3poles\n<\/p>\n<p>Fonte: Blog do BG              <\/p>\n<\/div>\n<p><script async src=\"\/\/platform.twitter.com\/widgets.js\" charset=\"utf-8\"><\/script><br \/>\n<br \/><br \/>\n<br \/><a href=\"https:\/\/diariodobrasilnoticias.com.br\/noticia\/familiares-de-clezao-que-morreu-quando-estava-preso-pelo-8-1-dizem-estamos-lutando-pela-anistia-para-que-outras-vidas-nao-sejam-perdidas-veja-video-67d6ddcfa712e\">Source link <\/a><\/p>","protected":false},"excerpt":{"rendered":"<p>Familiares de Cl\u00e9riston Pereira da Cunha, conhecido como \u201cClez\u00e3o\u201d, que morreu enquanto estava preso em Bras\u00edlia por envolvimento nos atos de 8\/1, participam de ato pela anistia, no Rio de&hellip;<\/p>","protected":false},"author":1,"featured_media":111515,"comment_status":"closed","ping_status":"open","sticky":false,"template":"","format":"standard","meta":{"content-type":"","footnotes":""},"categories":[16],"tags":[123,2448,5313,1267],"class_list":["post-111514","post","type-post","status-publish","format-standard","has-post-thumbnail","hentry","category-noticias","tag-brasil","tag-diario","tag-noticia","tag-noticias"],"_links":{"self":[{"href":"https:\/\/tvbrazilusa.com\/pt\/wp-json\/wp\/v2\/posts\/111514","targetHints":{"allow":["GET"]}}],"collection":[{"href":"https:\/\/tvbrazilusa.com\/pt\/wp-json\/wp\/v2\/posts"}],"about":[{"href":"https:\/\/tvbrazilusa.com\/pt\/wp-json\/wp\/v2\/types\/post"}],"author":[{"embeddable":true,"href":"https:\/\/tvbrazilusa.com\/pt\/wp-json\/wp\/v2\/users\/1"}],"replies":[{"embeddable":true,"href":"https:\/\/tvbrazilusa.com\/pt\/wp-json\/wp\/v2\/comments?post=111514"}],"version-history":[{"count":1,"href":"https:\/\/tvbrazilusa.com\/pt\/wp-json\/wp\/v2\/posts\/111514\/revisions"}],"predecessor-version":[{"id":111516,"href":"https:\/\/tvbrazilusa.com\/pt\/wp-json\/wp\/v2\/posts\/111514\/revisions\/111516"}],"wp:featuredmedia":[{"embeddable":true,"href":"https:\/\/tvbrazilusa.com\/pt\/wp-json\/wp\/v2\/media\/111515"}],"wp:attachment":[{"href":"https:\/\/tvbrazilusa.com\/pt\/wp-json\/wp\/v2\/media?parent=111514"}],"wp:term":[{"taxonomy":"category","embeddable":true,"href":"https:\/\/tvbrazilusa.com\/pt\/wp-json\/wp\/v2\/categories?post=111514"},{"taxonomy":"post_tag","embeddable":true,"href":"https:\/\/tvbrazilusa.com\/pt\/wp-json\/wp\/v2\/tags?post=111514"}],"curies":[{"name":"wp","href":"https:\/\/api.w.org\/{rel}","templated":true}]}}