{"id":111520,"date":"2025-03-16T17:39:54","date_gmt":"2025-03-16T17:39:54","guid":{"rendered":"https:\/\/tvbrazilusa.com\/2025\/03\/16\/bolsonaro-reune-governadores-em-ato-pro-anistia-juntos-pela-anistia-aos-presos-politicos\/"},"modified":"2025-03-16T17:39:55","modified_gmt":"2025-03-16T17:39:55","slug":"bolsonaro-reune-governadores-em-ato-pro-anistia-juntos-pela-anistia-aos-presos-politicos","status":"publish","type":"post","link":"https:\/\/tvbrazilusa.com\/pt\/2025\/03\/16\/bolsonaro-reune-governadores-em-ato-pro-anistia-juntos-pela-anistia-aos-presos-politicos\/","title":{"rendered":"Bolsonaro re\u00fane governadores em ato pr\u00f3-anistia: &#8216;Juntos pela anistia aos presos pol\u00edticos!&#8217;"},"content":{"rendered":"<p> <script async src=\"https:\/\/pagead2.googlesyndication.com\/pagead\/js\/adsbygoogle.js?client=ca-pub-8864793242727901\"\r\n     crossorigin=\"anonymous\"><\/script><br \/>\n<\/p>\n<div id=\"taboola-read-more\" style=\"display:block; width:100%\">\n<p>O ex-presidente Jair Bolsonaro (PL) publicou nas redes sociais uma foto em que aparece com os governadores Cl\u00e1udio Castro (PL), do Rio de Janeiro, Tarc\u00edsio de Freitas (Republicanos), de S\u00e3o Paulo, Jorginho Mello (PL), de Santa Catarina, e Mauro Mendes (Uni\u00e3o), de Mato Grosso. Eles participam neste domingo, 16, de um ato na orla de Copacabana, no Rio de Janeiro, que tem como foco a defesa da anistia para os envolvidos nos atos de 8 de janeiro.\n<\/p>\n<p>\u201cJuntos pela anistia aos presos pol\u00edticos!\u201d, escreveu Bolsonaro no X.<\/p>\n<p>Entre os aliados confirmados na manifesta\u00e7\u00e3o est\u00e3o o l\u00edder do PL na C\u00e2mara, S\u00f3stenes Cavalcante (RJ), os filhos de Bolsonaro, o deputado Eduardo Bolsonaro (PL-SP) e o senador Fl\u00e1vio Bolsonaro (PL-RJ), al\u00e9m do presidente nacional do PL, Valdemar Costa Neto.\n<\/p>\n<p>O ato tamb\u00e9m deve contar com a presen\u00e7a de cerca de 100 congressistas, entre eles os l\u00edderes da bancada do PL e da oposi\u00e7\u00e3o na C\u00e2mara, al\u00e9m de senadores como Rog\u00e9rio Marinho (PL-RN) e Carlos Portinho (PL-RJ).\n<\/p>\n<p>A manifesta\u00e7\u00e3o tenta pressionar pelo projeto de anistia, que ainda enfrenta resist\u00eancia dentro do Congresso, especialmente entre nomes influentes como o presidente da C\u00e2mara, Hugo Motta (Republicanos-PB).\n<\/p>\n<p>Organizado pelo pastor evang\u00e9lico Silas Malafaia, o evento conta com a estrutura de dois trios el\u00e9tricos e ser\u00e1 transmitido ao vivo nas redes sociais do l\u00edder religioso.\n<\/p>\n<p>O evento ocorre em meio \u00e0 expectativa de que a Primeira Turma do STF decida, nos pr\u00f3ximos dias 25 e 26 de mar\u00e7o, se aceita a den\u00fancia da Procuradoria-Geral da Rep\u00fablica (PGR) sobre a suposta tentativa de golpe de Estado ap\u00f3s as elei\u00e7\u00f5es de 2022.\n<\/p>\n<p>Bolsonaro \u00e9 um dos 34 denunciados por incitar ataques contra os Tr\u00eas Poderes e o Estado Democr\u00e1tico de Direito.\n<\/p>\n<p>Fonte: O Antagonista              <\/p>\n<\/div>\n<p><br \/>\n<br \/><a href=\"https:\/\/diariodobrasilnoticias.com.br\/noticia\/bolsonaro-reune-governadores-em-ato-pro-anistia-juntos-pela-anistia-aos-presos-politicos-67d6e322361ab\">Source link <\/a><\/p>","protected":false},"excerpt":{"rendered":"<p>O ex-presidente Jair Bolsonaro (PL) publicou nas redes sociais uma foto em que aparece com os governadores Cl\u00e1udio Castro (PL), do Rio de Janeiro, Tarc\u00edsio de Freitas (Republicanos), de S\u00e3o&hellip;<\/p>","protected":false},"author":1,"featured_media":111521,"comment_status":"closed","ping_status":"open","sticky":false,"template":"","format":"standard","meta":{"content-type":"","footnotes":""},"categories":[16],"tags":[123,2448,5313,1267],"class_list":["post-111520","post","type-post","status-publish","format-standard","has-post-thumbnail","hentry","category-noticias","tag-brasil","tag-diario","tag-noticia","tag-noticias"],"_links":{"self":[{"href":"https:\/\/tvbrazilusa.com\/pt\/wp-json\/wp\/v2\/posts\/111520","targetHints":{"allow":["GET"]}}],"collection":[{"href":"https:\/\/tvbrazilusa.com\/pt\/wp-json\/wp\/v2\/posts"}],"about":[{"href":"https:\/\/tvbrazilusa.com\/pt\/wp-json\/wp\/v2\/types\/post"}],"author":[{"embeddable":true,"href":"https:\/\/tvbrazilusa.com\/pt\/wp-json\/wp\/v2\/users\/1"}],"replies":[{"embeddable":true,"href":"https:\/\/tvbrazilusa.com\/pt\/wp-json\/wp\/v2\/comments?post=111520"}],"version-history":[{"count":1,"href":"https:\/\/tvbrazilusa.com\/pt\/wp-json\/wp\/v2\/posts\/111520\/revisions"}],"predecessor-version":[{"id":111522,"href":"https:\/\/tvbrazilusa.com\/pt\/wp-json\/wp\/v2\/posts\/111520\/revisions\/111522"}],"wp:featuredmedia":[{"embeddable":true,"href":"https:\/\/tvbrazilusa.com\/pt\/wp-json\/wp\/v2\/media\/111521"}],"wp:attachment":[{"href":"https:\/\/tvbrazilusa.com\/pt\/wp-json\/wp\/v2\/media?parent=111520"}],"wp:term":[{"taxonomy":"category","embeddable":true,"href":"https:\/\/tvbrazilusa.com\/pt\/wp-json\/wp\/v2\/categories?post=111520"},{"taxonomy":"post_tag","embeddable":true,"href":"https:\/\/tvbrazilusa.com\/pt\/wp-json\/wp\/v2\/tags?post=111520"}],"curies":[{"name":"wp","href":"https:\/\/api.w.org\/{rel}","templated":true}]}}