{"id":111523,"date":"2025-03-16T17:52:18","date_gmt":"2025-03-16T17:52:18","guid":{"rendered":"https:\/\/tvbrazilusa.com\/2025\/03\/16\/deputado-nikolas-ferreira-em-ato-pro-anistia-e-uma-luta-humanitaria-veja-video\/"},"modified":"2025-03-16T17:52:19","modified_gmt":"2025-03-16T17:52:19","slug":"deputado-nikolas-ferreira-em-ato-pro-anistia-e-uma-luta-humanitaria-veja-video","status":"publish","type":"post","link":"https:\/\/tvbrazilusa.com\/pt\/2025\/03\/16\/deputado-nikolas-ferreira-em-ato-pro-anistia-e-uma-luta-humanitaria-veja-video\/","title":{"rendered":"Deputado Nikolas Ferreira em ato pr\u00f3-anistia: &#8216;\u00c9 uma luta humanit\u00e1ria&#8217;; VEJA V\u00cdDEO"},"content":{"rendered":"<p> <script async src=\"https:\/\/pagead2.googlesyndication.com\/pagead\/js\/adsbygoogle.js?client=ca-pub-8864793242727901\"\r\n     crossorigin=\"anonymous\"><\/script><br \/>\n<br \/>Deputado Nikolas Ferreira em ato pr\u00f3-anistia: &#8216;\u00c9 uma luta humanit\u00e1ria&#8217;; VEJA V\u00cdDEO<br \/>\n<br \/><br \/>\n<br \/><a href=\"https:\/\/diariodobrasilnoticias.com.br\/noticia\/deputado-nikolas-ferreira-em-ato-pro-anistia-e-uma-luta-humanitaria-veja-video-67d6e1c3c5e76\">Source link <\/a><\/p>","protected":false},"excerpt":{"rendered":"<p>Deputado Nikolas Ferreira em ato pr\u00f3-anistia: &#8216;\u00c9 uma luta humanit\u00e1ria&#8217;; VEJA V\u00cdDEO Source link<\/p>","protected":false},"author":1,"featured_media":111524,"comment_status":"closed","ping_status":"open","sticky":false,"template":"","format":"standard","meta":{"content-type":"","footnotes":""},"categories":[16],"tags":[123,2448,5313,1267],"class_list":["post-111523","post","type-post","status-publish","format-standard","has-post-thumbnail","hentry","category-noticias","tag-brasil","tag-diario","tag-noticia","tag-noticias"],"_links":{"self":[{"href":"https:\/\/tvbrazilusa.com\/pt\/wp-json\/wp\/v2\/posts\/111523","targetHints":{"allow":["GET"]}}],"collection":[{"href":"https:\/\/tvbrazilusa.com\/pt\/wp-json\/wp\/v2\/posts"}],"about":[{"href":"https:\/\/tvbrazilusa.com\/pt\/wp-json\/wp\/v2\/types\/post"}],"author":[{"embeddable":true,"href":"https:\/\/tvbrazilusa.com\/pt\/wp-json\/wp\/v2\/users\/1"}],"replies":[{"embeddable":true,"href":"https:\/\/tvbrazilusa.com\/pt\/wp-json\/wp\/v2\/comments?post=111523"}],"version-history":[{"count":1,"href":"https:\/\/tvbrazilusa.com\/pt\/wp-json\/wp\/v2\/posts\/111523\/revisions"}],"predecessor-version":[{"id":111525,"href":"https:\/\/tvbrazilusa.com\/pt\/wp-json\/wp\/v2\/posts\/111523\/revisions\/111525"}],"wp:featuredmedia":[{"embeddable":true,"href":"https:\/\/tvbrazilusa.com\/pt\/wp-json\/wp\/v2\/media\/111524"}],"wp:attachment":[{"href":"https:\/\/tvbrazilusa.com\/pt\/wp-json\/wp\/v2\/media?parent=111523"}],"wp:term":[{"taxonomy":"category","embeddable":true,"href":"https:\/\/tvbrazilusa.com\/pt\/wp-json\/wp\/v2\/categories?post=111523"},{"taxonomy":"post_tag","embeddable":true,"href":"https:\/\/tvbrazilusa.com\/pt\/wp-json\/wp\/v2\/tags?post=111523"}],"curies":[{"name":"wp","href":"https:\/\/api.w.org\/{rel}","templated":true}]}}