{"id":111526,"date":"2025-03-16T18:05:06","date_gmt":"2025-03-16T18:05:06","guid":{"rendered":"https:\/\/tvbrazilusa.com\/2025\/03\/16\/durante-manifestacao-em-copacabana-lider-do-pl-diz-que-pedira-urgencia-no-projeto-da-anistia-nesta-semana\/"},"modified":"2025-03-16T18:05:07","modified_gmt":"2025-03-16T18:05:07","slug":"durante-manifestacao-em-copacabana-lider-do-pl-diz-que-pedira-urgencia-no-projeto-da-anistia-nesta-semana","status":"publish","type":"post","link":"https:\/\/tvbrazilusa.com\/pt\/2025\/03\/16\/durante-manifestacao-em-copacabana-lider-do-pl-diz-que-pedira-urgencia-no-projeto-da-anistia-nesta-semana\/","title":{"rendered":"Durante manifesta\u00e7\u00e3o em Copacabana, l\u00edder do PL diz que pedir\u00e1 urg\u00eancia no projeto da anistia nesta semana"},"content":{"rendered":"<p> <script async src=\"https:\/\/pagead2.googlesyndication.com\/pagead\/js\/adsbygoogle.js?client=ca-pub-8864793242727901\"\r\n     crossorigin=\"anonymous\"><\/script><br \/>\n<\/p>\n<div id=\"taboola-read-more\" style=\"display:block; width:100%\">\n<p>O deputado federal S\u00f3stenes Cavalcante (PL-RJ), l\u00edder do partido na C\u00e2mara dos Deputados, afirmou que entrar\u00e1 com pedido pela urg\u00eancia do projeto de lei que prop\u00f5e anistiar os envolvidos pelos atos extremistas de 8 de janeiro de 2023.\n<\/p>\n<p>A declara\u00e7\u00e3o foi dada durante manifesta\u00e7\u00e3o que acontece neste domingo (16) na orla de Copacabana, no Rio de Janeiro. O ex-presidente Jair Bolsonaro (PL) e diversas outras autoridades, incluindo governadores, deputados federais e senadores, est\u00e3o presentes.<\/p>\n<p>\u201cEstou assumindo aqui o compromisso com todos voc\u00eas de que nesta semana, quinta-feira [20], na reuni\u00e3o do col\u00e9gio de l\u00edderes, n\u00f3s vamos dar entrada com a minha assinatura e dos 92 deputados do PL e de v\u00e1rios outros partidos que eles v\u00e3o ficar surpresos, para que n\u00f3s possamos pedir a urg\u00eancia do PL da Anistia para entrar na pauta na semana que vem\u201d, afirmou.\n<\/p>\n<p>O PL da Anistia est\u00e1 sendo debatido desde o ano passado e ganhou for\u00e7a ap\u00f3s for\u00e7a-tarefa do partido de Bolsonaro no Congresso Nacional.\n<\/p>\n<p>Antes de Cavalcante, o deputado Rodrigo Valadares (Uni\u00e3o-SE), relator da proposta na C\u00e2mara, tamb\u00e9m discursou no ato bolsonarista e disse que \u201ca anistia parecia um sonho longo, que decretaram a morte da anistia\u201d. Para o parlamentar, \u201ca anistia est\u00e1 mais viva do que nunca e n\u00f3s iremos aprovar a anistia aqui no Brasil\u201d.\n<\/p>\n<p><strong>Ato em Copacabana<\/strong>\n<\/p>\n<p>A manifesta\u00e7\u00e3o acontece em meio \u00e0 expectativa pelo julgamento da Primeira Turma do Supremo Tribunal Federal (STF), que ir\u00e1 deliberar nos dias 25 e 26 de mar\u00e7o se acata ou n\u00e3o a den\u00fancia da Procuradoria-Geral da Rep\u00fablica (PGR) sobre uma suposta tentativa de golpe de Estado tramada ap\u00f3s as elei\u00e7\u00f5es de 2022.\n<\/p>\n<p>Bolsonaro \u00e9 um dos 34 denunciados por estimular e realizar atos contra os Tr\u00eas Poderes e contra o Estado Democr\u00e1tico de Direito.\n<\/p>\n<p>O STF j\u00e1 condenou 476 pessoas pelos atos de 8 de janeiro, quando as sedes dos Tr\u00eas Poderes, em Bras\u00edlia, foram invadidas e vandalizadas.\n<\/p>\n<p>Fonte: CNN              <\/p>\n<\/div>\n<p><br \/>\n<br \/><a href=\"https:\/\/diariodobrasilnoticias.com.br\/noticia\/durante-manifestacao-em-copacabana-lider-do-pl-diz-que-pedira-urgencia-no-projeto-da-anistia-nesta-semana-67d6dee1d3ad7\">Source link <\/a><\/p>","protected":false},"excerpt":{"rendered":"<p>O deputado federal S\u00f3stenes Cavalcante (PL-RJ), l\u00edder do partido na C\u00e2mara dos Deputados, afirmou que entrar\u00e1 com pedido pela urg\u00eancia do projeto de lei que prop\u00f5e anistiar os envolvidos pelos&hellip;<\/p>","protected":false},"author":1,"featured_media":111527,"comment_status":"closed","ping_status":"open","sticky":false,"template":"","format":"standard","meta":{"content-type":"","footnotes":""},"categories":[16],"tags":[123,2448,5313,1267],"class_list":["post-111526","post","type-post","status-publish","format-standard","has-post-thumbnail","hentry","category-noticias","tag-brasil","tag-diario","tag-noticia","tag-noticias"],"_links":{"self":[{"href":"https:\/\/tvbrazilusa.com\/pt\/wp-json\/wp\/v2\/posts\/111526","targetHints":{"allow":["GET"]}}],"collection":[{"href":"https:\/\/tvbrazilusa.com\/pt\/wp-json\/wp\/v2\/posts"}],"about":[{"href":"https:\/\/tvbrazilusa.com\/pt\/wp-json\/wp\/v2\/types\/post"}],"author":[{"embeddable":true,"href":"https:\/\/tvbrazilusa.com\/pt\/wp-json\/wp\/v2\/users\/1"}],"replies":[{"embeddable":true,"href":"https:\/\/tvbrazilusa.com\/pt\/wp-json\/wp\/v2\/comments?post=111526"}],"version-history":[{"count":1,"href":"https:\/\/tvbrazilusa.com\/pt\/wp-json\/wp\/v2\/posts\/111526\/revisions"}],"predecessor-version":[{"id":111528,"href":"https:\/\/tvbrazilusa.com\/pt\/wp-json\/wp\/v2\/posts\/111526\/revisions\/111528"}],"wp:featuredmedia":[{"embeddable":true,"href":"https:\/\/tvbrazilusa.com\/pt\/wp-json\/wp\/v2\/media\/111527"}],"wp:attachment":[{"href":"https:\/\/tvbrazilusa.com\/pt\/wp-json\/wp\/v2\/media?parent=111526"}],"wp:term":[{"taxonomy":"category","embeddable":true,"href":"https:\/\/tvbrazilusa.com\/pt\/wp-json\/wp\/v2\/categories?post=111526"},{"taxonomy":"post_tag","embeddable":true,"href":"https:\/\/tvbrazilusa.com\/pt\/wp-json\/wp\/v2\/tags?post=111526"}],"curies":[{"name":"wp","href":"https:\/\/api.w.org\/{rel}","templated":true}]}}