{"id":111687,"date":"2025-03-17T14:50:03","date_gmt":"2025-03-17T14:50:03","guid":{"rendered":"https:\/\/tvbrazilusa.com\/2025\/03\/17\/mdb-se-divide-e-uma-ala-do-partido-recua-em-relacao-ao-apoio-a-lula\/"},"modified":"2025-03-17T14:50:05","modified_gmt":"2025-03-17T14:50:05","slug":"mdb-se-divide-e-uma-ala-do-partido-recua-em-relacao-ao-apoio-a-lula","status":"publish","type":"post","link":"https:\/\/tvbrazilusa.com\/pt\/2025\/03\/17\/mdb-se-divide-e-uma-ala-do-partido-recua-em-relacao-ao-apoio-a-lula\/","title":{"rendered":"MDB se divide, e uma ala do partido recua em rela\u00e7\u00e3o ao apoio a Lula"},"content":{"rendered":"<p> <script async src=\"https:\/\/pagead2.googlesyndication.com\/pagead\/js\/adsbygoogle.js?client=ca-pub-8864793242727901\"\r\n     crossorigin=\"anonymous\"><\/script><br \/>\n<\/p>\n<div id=\"taboola-read-more\" style=\"display:block; width:100%\">\n<p>Um dos mais tradicionais partidos do pa\u00eds, o MDB orbitou todos os governos petistas \u2013 dos dois mandatos de Lula at\u00e9 a metade da gest\u00e3o Dilma Rousseff, quando em 2016 rompeu com a ent\u00e3o presidente em meio ao processo de impeachment e chegou \u00e0 Presid\u00eancia com o vice Michel Temer. Em 2022, a legenda lan\u00e7ou Simone Tebet para disputar o Planalto \u2013 derrotada, a ex-senadora apoiou Lula no segundo turno, virou ministra do Planejamento e puxou a fila de emedebistas para o terceiro mandato do petista, retomando a alian\u00e7a PT-MDB com tr\u00eas importantes minist\u00e9rios na Esplanada.\n<\/p>\n<p>At\u00e9 aqui, a parceria segue firme, o MDB parece blindado de eventuais reformas ministeriais e seus representantes s\u00e3o alguns dos mais prestigiados da Esplanada. Nada disso impede, por\u00e9m, que a legenda comece a vislumbrar outros voos para 2026.<\/p>\n<p>Segundo maior partido em prefeituras, liderando os munic\u00edpios no Nordeste do pa\u00eds, o MDB vive um racha interno sobre o apoio a Lula e ao PT no pr\u00f3ximo pleito. Os atuais ministros \u2013 al\u00e9m de Tebet, Renan Filho (Transportes) e Jader Filho (Cidades) \u2013 defendem a continuidade da alian\u00e7a com Lula. Por parte desses aliados, h\u00e1 quem defenda at\u00e9 que o partido componha a chapa petista em 2026 na fun\u00e7\u00e3o de vice.\n<\/p>\n<p>Outras figuras, por\u00e9m, elevam a carga por uma alternativa. Alguns dos nomes que integram esse movimento j\u00e1 s\u00e3o conhecidos, entre os quais o prefeito de S\u00e3o Paulo, Ricardo Nunes, e o governador do Distrito Federal, Ibaneis Rocha. Outras lideran\u00e7as das principais regi\u00f5es do pa\u00eds come\u00e7am a enviar sinais que preferem que a legenda n\u00e3o firme uma alian\u00e7a em 2026.\n<\/p>\n<p>At\u00e9 mesmo parlamentares do Nordeste, que t\u00eam maior vincula\u00e7\u00e3o com Lula, est\u00e3o sendo contaminados com o movimento e acenderam o sinal de alerta com o alto \u00edndice de rejei\u00e7\u00e3o do presidente, o que pode ter impacto em seus pr\u00f3prios projetos pol\u00edticos caso optem por manter-se colados ao petista.\n<\/p>\n<p>De acordo com um cacique do MDB, o diagn\u00f3stico atual \u00e9 o de que a maior parte do partido n\u00e3o tem simpatia por uma nova candidatura de Lula. A solu\u00e7\u00e3o seria optar por apoiar um nome de centro ou at\u00e9 lan\u00e7ar um candidato em 2026.\n<\/p>\n<p>Segundo esse dirigente, n\u00e3o h\u00e1 nenhum constrangimento com o movimento, visto que o partido j\u00e1 n\u00e3o apoiou Lula no \u00faltimo pleito e n\u00e3o tem nenhuma vincula\u00e7\u00e3o com o PT. \u201cN\u00f3s estamos colaborando com o pa\u00eds com tr\u00eas quadros de primeiro time\u201d, afirma esse pol\u00edtico, minimizando a rela\u00e7\u00e3o com o governo.\n<\/p>\n<p>A partir deste m\u00eas, o MDB coloca em campo um projeto chamado \u201cO Brasil precisa pensar o Brasil\u201d, uma esp\u00e9cie da reedi\u00e7\u00e3o do programa Ponte para o Futuro capitaneado por Temer, que ter\u00e1 como objetivo rodar o pa\u00eds para discutir os rumos para o ano que vem. Em setembro haver\u00e1 um encontro nacional para debater as conclus\u00f5es do giro. A partir da\u00ed, pode sair uma primeira sinaliza\u00e7\u00e3o sobre 2026.\n<\/p>\n<p><strong>VEJA<\/strong>              <\/p>\n<\/div>\n<p><br \/>\n<br \/><a href=\"https:\/\/diariodobrasilnoticias.com.br\/noticia\/mdb-se-divide-e-uma-ala-do-partido-recua-em-relacao-ao-apoio-a-lula-67d80a67d5fc5\">Source link <\/a><\/p>","protected":false},"excerpt":{"rendered":"<p>Um dos mais tradicionais partidos do pa\u00eds, o MDB orbitou todos os governos petistas \u2013 dos dois mandatos de Lula at\u00e9 a metade da gest\u00e3o Dilma Rousseff, quando em 2016&hellip;<\/p>","protected":false},"author":1,"featured_media":111688,"comment_status":"closed","ping_status":"open","sticky":false,"template":"","format":"standard","meta":{"content-type":"","footnotes":""},"categories":[16],"tags":[123,2448,5313,1267],"class_list":["post-111687","post","type-post","status-publish","format-standard","has-post-thumbnail","hentry","category-noticias","tag-brasil","tag-diario","tag-noticia","tag-noticias"],"_links":{"self":[{"href":"https:\/\/tvbrazilusa.com\/pt\/wp-json\/wp\/v2\/posts\/111687","targetHints":{"allow":["GET"]}}],"collection":[{"href":"https:\/\/tvbrazilusa.com\/pt\/wp-json\/wp\/v2\/posts"}],"about":[{"href":"https:\/\/tvbrazilusa.com\/pt\/wp-json\/wp\/v2\/types\/post"}],"author":[{"embeddable":true,"href":"https:\/\/tvbrazilusa.com\/pt\/wp-json\/wp\/v2\/users\/1"}],"replies":[{"embeddable":true,"href":"https:\/\/tvbrazilusa.com\/pt\/wp-json\/wp\/v2\/comments?post=111687"}],"version-history":[{"count":1,"href":"https:\/\/tvbrazilusa.com\/pt\/wp-json\/wp\/v2\/posts\/111687\/revisions"}],"predecessor-version":[{"id":111689,"href":"https:\/\/tvbrazilusa.com\/pt\/wp-json\/wp\/v2\/posts\/111687\/revisions\/111689"}],"wp:featuredmedia":[{"embeddable":true,"href":"https:\/\/tvbrazilusa.com\/pt\/wp-json\/wp\/v2\/media\/111688"}],"wp:attachment":[{"href":"https:\/\/tvbrazilusa.com\/pt\/wp-json\/wp\/v2\/media?parent=111687"}],"wp:term":[{"taxonomy":"category","embeddable":true,"href":"https:\/\/tvbrazilusa.com\/pt\/wp-json\/wp\/v2\/categories?post=111687"},{"taxonomy":"post_tag","embeddable":true,"href":"https:\/\/tvbrazilusa.com\/pt\/wp-json\/wp\/v2\/tags?post=111687"}],"curies":[{"name":"wp","href":"https:\/\/api.w.org\/{rel}","templated":true}]}}