{"id":11169,"date":"2024-07-29T11:30:26","date_gmt":"2024-07-29T11:30:26","guid":{"rendered":"https:\/\/tvbrazilusa.com\/2024\/07\/29\/faustao-na-globo-novamente-apresentador-quebra-o-silencio-e-se-pronuncia\/"},"modified":"2024-07-29T11:40:44","modified_gmt":"2024-07-29T11:40:44","slug":"faustao-na-globo-novamente-apresentador-quebra-o-silencio-e-se-pronuncia","status":"publish","type":"post","link":"https:\/\/tvbrazilusa.com\/pt\/2024\/07\/29\/faustao-na-globo-novamente-apresentador-quebra-o-silencio-e-se-pronuncia\/","title":{"rendered":"Faust\u00e3o na Globo novamente? Apresentador quebra o sil\u00eancio e se pronuncia"},"content":{"rendered":"<p> <script async src=\"https:\/\/pagead2.googlesyndication.com\/pagead\/js\/adsbygoogle.js?client=ca-pub-8864793242727901\"\r\n     crossorigin=\"anonymous\"><\/script><br \/>\n<\/p>\n<div>\n<p>O ic\u00f4nico apresentador Faust\u00e3o, ap\u00f3s mais de tr\u00eas d\u00e9cadas de sucesso na TV Globo, deixou a emissora em junho de 2021 para iniciar um novo cap\u00edtulo em sua carreira na Band. Por\u00e9m, rumores recentes sugerem um poss\u00edvel retorno \u00e0 Globo para participar da comemora\u00e7\u00e3o especial de 60 anos da emissora em 2025. Mas o que o pr\u00f3prio Faust\u00e3o tem a dizer sobre esses boatos?<\/p>\n<h2 class=\"wp-block-heading\">Faust\u00e3o Vai Retornar \u00e0 Globo em 2025?<\/h2>\n<figure class=\"wp-block-image size-full\"><picture decoding=\"async\" class=\"wp-image-163655\"><source type=\"image\/webp\" srcset=\"https:\/\/terrabrasilnoticias.com\/wp-content\/uploads\/2024\/07\/image-926.png.webp 719w, https:\/\/terrabrasilnoticias.com\/wp-content\/uploads\/2024\/07\/image-926-300x169.png.webp 300w\" sizes=\"(max-width: 719px) 100vw, 719px\"\/><\/picture><figcaption class=\"wp-element-caption\">Reprodu\u00e7\u00e3o \/ V\u00eddeo<\/figcaption><\/figure>\n<p>A especula\u00e7\u00e3o sobre o retorno de Faust\u00e3o \u00e0 Globo come\u00e7ou a ganhar for\u00e7a ap\u00f3s rumores de que a emissora planeja trazer de volta grandes nomes de sua hist\u00f3ria para a celebra\u00e7\u00e3o de seus 60 anos. Contudo, em uma entrevista recente ao jornalista Jos\u00e9 Armando Vanucci, Faust\u00e3o foi categ\u00f3rico: \u201cN\u00e3o recebi nenhuma proposta. Ningu\u00e9m me procurou.\u201d<\/p>\n<p>\u00c9 importante lembrar que Faust\u00e3o passou por dois transplantes recentemente \u2013 de cora\u00e7\u00e3o e rim \u2013 e atualmente est\u00e1 focado em sua recupera\u00e7\u00e3o. O colunista do portal R7, Fl\u00e1vio Ricco, informou que o ex-apresentador do \u201cDoming\u00e3o do Faust\u00e3o\u201d prefere n\u00e3o assumir novos compromissos no momento, inclusive recusando alguns pedidos de entrevista.<\/p>\n<h2 class=\"wp-block-heading\">Qual \u00e9 o Foco Atual de Faust\u00e3o?<\/h2>\n<p>Al\u00e9m de esclarecer os rumores sobre seu retorno \u00e0 Globo, Faust\u00e3o deixou claro que sua prioridade atual \u00e9 a sa\u00fade e o bem-estar. Ap\u00f3s os transplantes, ele est\u00e1 totalmente focado em se recuperar e viver uma vida mais tranquila, longe dos holofotes da televis\u00e3o.<\/p>\n<h2 class=\"wp-block-heading\">O Que Diz Jo\u00e3o Silva Sobre a Fortuna do Pai?<\/h2>\n<p>Jo\u00e3o Silva, filho de Faust\u00e3o, aos 20 anos j\u00e1 est\u00e1 trilhando seu caminho na televis\u00e3o e destacou a import\u00e2ncia de conquistar sua pr\u00f3pria independ\u00eancia financeira. Em uma recente entrevista ao programa \u201cNo Lucro CNN\u201d, apresentado por Phelipe Siani, Jo\u00e3o comentou sobre seus planos e como lida com as finan\u00e7as pessoais.<\/p>\n<p>\u201cSou um jovem de 20 anos que procura crescimento profissional e desenvolvimento pessoal. Estou sempre pensando no que farei na pr\u00f3xima semana, n\u00e3o no que planejo para daqui a 3 ou 4 anos. Acredito em trabalhar e construir passo a passo. Hoje, me vejo como algu\u00e9m em aprendizado, e feliz com isso\u201d, declarou.<\/p>\n<h2 class=\"wp-block-heading\">Os Desafios de Ser Filho de um Famoso<\/h2>\n<p>Jo\u00e3o Silva tamb\u00e9m comentou sobre os benef\u00edcios e desafios de crescer nos holofotes sendo filho de Faust\u00e3o. \u201cOs pr\u00f3s s\u00e3o muito maiores do que os contras. Claro, h\u00e1 a dificuldade de criar minha pr\u00f3pria hist\u00f3ria, mas as portas est\u00e3o abertas. Manter-se \u00e9 o desafio\u201d, disse ele, destacando a import\u00e2ncia de construir sua pr\u00f3pria trajet\u00f3ria.<\/p>\n<\/p><\/div>\n<p><br \/>\n<br \/><a href=\"https:\/\/terrabrasilnoticias.com\/2024\/07\/faustao-na-globo-novamente-apresentador-quebra-o-silencio-e-se-pronuncia\/\">Source link <\/a><\/p>","protected":false},"excerpt":{"rendered":"<p>O ic\u00f4nico apresentador Faust\u00e3o, ap\u00f3s mais de tr\u00eas d\u00e9cadas de sucesso na TV Globo, deixou a emissora em junho de 2021 para iniciar um novo cap\u00edtulo em sua carreira na&hellip;<\/p>","protected":false},"author":1,"featured_media":11170,"comment_status":"closed","ping_status":"open","sticky":false,"template":"","format":"standard","meta":{"content-type":"","footnotes":""},"categories":[16],"tags":[],"class_list":["post-11169","post","type-post","status-publish","format-standard","has-post-thumbnail","hentry","category-noticias"],"_links":{"self":[{"href":"https:\/\/tvbrazilusa.com\/pt\/wp-json\/wp\/v2\/posts\/11169","targetHints":{"allow":["GET"]}}],"collection":[{"href":"https:\/\/tvbrazilusa.com\/pt\/wp-json\/wp\/v2\/posts"}],"about":[{"href":"https:\/\/tvbrazilusa.com\/pt\/wp-json\/wp\/v2\/types\/post"}],"author":[{"embeddable":true,"href":"https:\/\/tvbrazilusa.com\/pt\/wp-json\/wp\/v2\/users\/1"}],"replies":[{"embeddable":true,"href":"https:\/\/tvbrazilusa.com\/pt\/wp-json\/wp\/v2\/comments?post=11169"}],"version-history":[{"count":1,"href":"https:\/\/tvbrazilusa.com\/pt\/wp-json\/wp\/v2\/posts\/11169\/revisions"}],"predecessor-version":[{"id":11171,"href":"https:\/\/tvbrazilusa.com\/pt\/wp-json\/wp\/v2\/posts\/11169\/revisions\/11171"}],"wp:featuredmedia":[{"embeddable":true,"href":"https:\/\/tvbrazilusa.com\/pt\/wp-json\/wp\/v2\/media\/11170"}],"wp:attachment":[{"href":"https:\/\/tvbrazilusa.com\/pt\/wp-json\/wp\/v2\/media?parent=11169"}],"wp:term":[{"taxonomy":"category","embeddable":true,"href":"https:\/\/tvbrazilusa.com\/pt\/wp-json\/wp\/v2\/categories?post=11169"},{"taxonomy":"post_tag","embeddable":true,"href":"https:\/\/tvbrazilusa.com\/pt\/wp-json\/wp\/v2\/tags?post=11169"}],"curies":[{"name":"wp","href":"https:\/\/api.w.org\/{rel}","templated":true}]}}