{"id":111690,"date":"2025-03-17T15:01:45","date_gmt":"2025-03-17T15:01:45","guid":{"rendered":"https:\/\/tvbrazilusa.com\/2025\/03\/17\/em-ato-pela-anistia-tarcisio-criticou-lula-dizendo-prometeu-picanha-e-nao-tem-ovo-referindo-se-as-promessas-nao-cumpridas-pelo-governo\/"},"modified":"2025-03-17T15:01:50","modified_gmt":"2025-03-17T15:01:50","slug":"em-ato-pela-anistia-tarcisio-criticou-lula-dizendo-prometeu-picanha-e-nao-tem-ovo-referindo-se-as-promessas-nao-cumpridas-pelo-governo","status":"publish","type":"post","link":"https:\/\/tvbrazilusa.com\/pt\/2025\/03\/17\/em-ato-pela-anistia-tarcisio-criticou-lula-dizendo-prometeu-picanha-e-nao-tem-ovo-referindo-se-as-promessas-nao-cumpridas-pelo-governo\/","title":{"rendered":"Em ato pela anistia, Tarc\u00edsio criticou Lula, dizendo: &#8216;Prometeu picanha e n\u00e3o tem ovo&#8217;, referindo-se \u00e0s promessas n\u00e3o cumpridas pelo governo"},"content":{"rendered":"<p> <script async src=\"https:\/\/pagead2.googlesyndication.com\/pagead\/js\/adsbygoogle.js?client=ca-pub-8864793242727901\"\r\n     crossorigin=\"anonymous\"><\/script><br \/>\n<\/p>\n<div id=\"taboola-read-more\" style=\"display:block; width:100%\">\n<p>O governador de S\u00e3o Paulo, Tarc\u00edsio de Freitas, criticou a gest\u00e3o do presidente Luiz In\u00e1cio Lula da Silva. Em seu discurso, durante a manifesta\u00e7\u00e3o em favor \u00e0 anistia aos presos do 8 de janeiro, em Copacabana, no Rio de Janeiro, neste domingo, 16, ele comentou sobre o aumento dos pre\u00e7os dos alimentos.\n<\/p>\n<p>\u201cNingu\u00e9m aguenta mais infla\u00e7\u00e3o, porque tem um governo irrespons\u00e1vel que gasta mais do que deve\u201d, afirmou o gestor paulista. \u201cNingu\u00e9m aguenta mais o arroz caro, o feij\u00e3o caro, a gasolina cara, o ovo caro. Prometeram picanha e n\u00e3o tem nem ovo. E se t\u00e1 tudo caro, volta, Bolsonaro!\u201d<\/p>\n<p>A declara\u00e7\u00e3o de Tarc\u00edsio refere-se \u00e0 infla\u00e7\u00e3o, que afeta o custo de vida dos brasileiros, especialmente nos produtos aliment\u00edcios. Segundo dados do Centro de Estudos Avan\u00e7ados em Economia Aplicada (Cepea), ligado \u00e0 Universidade de S\u00e3o Paulo (USP), o pre\u00e7o do ovo branco subiu at\u00e9 67,1% em 2025, comparado a 2024. O item \u00e9 um dos alimentos mais consumidos no Brasil.\n<\/p>\n<p>Aumento dos pre\u00e7os de alimentos\n<\/p>\n<p>Al\u00e9m dos ovos, a carne \u00e9 outro alimento que gera preocupa\u00e7\u00e3o. Em 2024, os pre\u00e7os subiram 20,84%, contribuindo com 0,52 ponto porcentual na taxa de infla\u00e7\u00e3o anual medida pelo \u00cdndice Nacional de Pre\u00e7os ao Consumidor Amplo (IPCA), que foi de 4,83%.\n<\/p>\n<p>Apesar da alta generalizada, a picanha, objeto de promessa do governo Lula, teve uma alta menor em compara\u00e7\u00e3o com outros cortes. Conforme o IBGE, o pre\u00e7o do corte subiu 8,74% em 2024, enquanto o patinho e o ac\u00e9m registraram aumentos de 24,13% e 25,24%, respectivamente.\n<\/p>\n<p>Tarc\u00edsio pede anistia aos presos do 8 de janeiro\n<\/p>\n<p>Durante o discurso, Tarc\u00edsio tamb\u00e9m abordou quest\u00f5es pol\u00edticas. Ele defendeu o projeto de lei para anistiar os presos dos atos de 8 de janeiro e afirmou que o Congresso o aprovar\u00e1. Ele desafiou poss\u00edveis opositores do texto.\n<\/p>\n<p>\u201cQuero ver quem vai ter coragem de se opor\u201d, afirmou. O governador de S\u00e3o Paulo ainda declarou que os detidos s\u00e3o \u201cinocentes, que receberam penas desarrazoadas\u201d e argumentou que a anistia \u00e9 justa para aqueles que \u201cnada fizeram\u201d.\n<\/p>\n<p>O evento em Copacabana faz parte de uma s\u00e9rie de manifesta\u00e7\u00f5es para pressionar o Congresso e o Supremo Tribunal Federal (STF) a anularem as penas dos envolvidos nos atos de 8 de janeiro de 2023.\n<\/p>\n<p>Esta foi a primeira manifesta\u00e7\u00e3o desde que a Procuradoria-Geral da Rep\u00fablica denunciou o ex-presidente Jair Bolsonaro por tentativa de golpe de Estado, atentado violento ao Estado Democr\u00e1tico de Direito, entre outros crimes.\n<\/p>\n<p>Fonte: Revista Oeste              <\/p>\n<\/div>\n<p><br \/>\n<br \/><a href=\"https:\/\/diariodobrasilnoticias.com.br\/noticia\/em-ato-pela-anistia-tarcisio-criticou-lula-dizendo-prometeu-picanha-e-nao-tem-ovo-referindo-se-as-promessas-nao-cumpridas-pelo-governo-67d829a1e0bd3\">Source link <\/a><\/p>","protected":false},"excerpt":{"rendered":"<p>O governador de S\u00e3o Paulo, Tarc\u00edsio de Freitas, criticou a gest\u00e3o do presidente Luiz In\u00e1cio Lula da Silva. Em seu discurso, durante a manifesta\u00e7\u00e3o em favor \u00e0 anistia aos presos&hellip;<\/p>","protected":false},"author":1,"featured_media":111691,"comment_status":"closed","ping_status":"open","sticky":false,"template":"","format":"standard","meta":{"content-type":"","footnotes":""},"categories":[16],"tags":[123,2448,5313,1267],"class_list":["post-111690","post","type-post","status-publish","format-standard","has-post-thumbnail","hentry","category-noticias","tag-brasil","tag-diario","tag-noticia","tag-noticias"],"_links":{"self":[{"href":"https:\/\/tvbrazilusa.com\/pt\/wp-json\/wp\/v2\/posts\/111690","targetHints":{"allow":["GET"]}}],"collection":[{"href":"https:\/\/tvbrazilusa.com\/pt\/wp-json\/wp\/v2\/posts"}],"about":[{"href":"https:\/\/tvbrazilusa.com\/pt\/wp-json\/wp\/v2\/types\/post"}],"author":[{"embeddable":true,"href":"https:\/\/tvbrazilusa.com\/pt\/wp-json\/wp\/v2\/users\/1"}],"replies":[{"embeddable":true,"href":"https:\/\/tvbrazilusa.com\/pt\/wp-json\/wp\/v2\/comments?post=111690"}],"version-history":[{"count":1,"href":"https:\/\/tvbrazilusa.com\/pt\/wp-json\/wp\/v2\/posts\/111690\/revisions"}],"predecessor-version":[{"id":111692,"href":"https:\/\/tvbrazilusa.com\/pt\/wp-json\/wp\/v2\/posts\/111690\/revisions\/111692"}],"wp:featuredmedia":[{"embeddable":true,"href":"https:\/\/tvbrazilusa.com\/pt\/wp-json\/wp\/v2\/media\/111691"}],"wp:attachment":[{"href":"https:\/\/tvbrazilusa.com\/pt\/wp-json\/wp\/v2\/media?parent=111690"}],"wp:term":[{"taxonomy":"category","embeddable":true,"href":"https:\/\/tvbrazilusa.com\/pt\/wp-json\/wp\/v2\/categories?post=111690"},{"taxonomy":"post_tag","embeddable":true,"href":"https:\/\/tvbrazilusa.com\/pt\/wp-json\/wp\/v2\/tags?post=111690"}],"curies":[{"name":"wp","href":"https:\/\/api.w.org\/{rel}","templated":true}]}}