{"id":111705,"date":"2025-03-17T15:43:31","date_gmt":"2025-03-17T15:43:31","guid":{"rendered":"https:\/\/tvbrazilusa.com\/2025\/03\/17\/donald-trump-diz-que-indultos-concedidos-por-biden-sao-nulos\/"},"modified":"2025-03-17T15:43:33","modified_gmt":"2025-03-17T15:43:33","slug":"donald-trump-diz-que-indultos-concedidos-por-biden-sao-nulos","status":"publish","type":"post","link":"https:\/\/tvbrazilusa.com\/pt\/2025\/03\/17\/donald-trump-diz-que-indultos-concedidos-por-biden-sao-nulos\/","title":{"rendered":"Donald Trump diz que indultos concedidos por Biden s\u00e3o nulos"},"content":{"rendered":"<p> <script async src=\"https:\/\/pagead2.googlesyndication.com\/pagead\/js\/adsbygoogle.js?client=ca-pub-8864793242727901\"\r\n     crossorigin=\"anonymous\"><\/script><br \/>\n<\/p>\n<div id=\"taboola-read-more\" style=\"display:block; width:100%\">\n<p>O presidente dos Estados Unidos, Donald Trump, afirmou nesta segunda-feira (17) que os indultos concedidos por seu antecessor, Joe Biden, s\u00e3o \u201cnulos e sem efeito\u201d porque foram assinados por uma autopen, um dispositivo usado para a firma autom\u00e1tica de uma assinatura.\n<\/p>\n<p>\u2013 Os indultos que o \u201csonolento\u201d Joe Biden concedeu ao Comit\u00ea de Valent\u00f5es Pol\u00edticos (referindo-se ao comit\u00ea do Congresso encarregado de investig\u00e1-lo) e muitos outros s\u00e3o declarados nulos, inv\u00e1lidos e sem efeito, porque foram emitidos por uma autopen \u2013 escreveu Trump em sua rede social pr\u00f3pria, a Truth Social.<\/p>\n<p>Na postagem, o atual presidente dos EUA tamb\u00e9m sugeriu que Biden n\u00e3o sabia exatamente do que se tratavam esses indultos, que teriam sido impostos a ele por seus assessores.\n<\/p>\n<p>\u2013 Em outras palavras, Joe Biden n\u00e3o os assinou, mas, mais importante, ele n\u00e3o sabia nada sobre eles! Os documentos necess\u00e1rios para o indulto n\u00e3o foram explicados a ele nem aprovados por Biden \u2013 acrescentou Trump.\n<\/p>\n<p>E prosseguiu.\n<\/p>\n<p>\u2013 Ele n\u00e3o sabia nada sobre eles, e aqueles que sabiam podem ter cometido um crime. Portanto, aqueles que comp\u00f5em o Comit\u00ea de Valent\u00f5es Pol\u00edticos, que destru\u00edram e eliminaram todas as evid\u00eancias obtidas durante sua ca\u00e7a \u00e0s bruxas de dois anos contra mim e in\u00fameras outras pessoas inocentes, devem entender completamente que est\u00e3o sujeitos \u00e0 investiga\u00e7\u00e3o do mais alto n\u00edvel \u2013 enfatizou o presidente.\n<\/p>\n<p>Antes de deixar o cargo, Biden anunciou sua decis\u00e3o de comutar as senten\u00e7as de pris\u00e3o, que ele considerava \u201cdesproporcionais\u201d, impostas a quase 2,5 mil presos que cumprem pena por \u201ccrimes n\u00e3o violentos relacionados a drogas\u201d. Biden tamb\u00e9m comutou as senten\u00e7as de 37 dos 40 condenados \u00e0 morte no \u00e2mbito federal, convertendo suas senten\u00e7as em pris\u00e3o perp\u00e9tua.\n<\/p>\n<p>O ex-presidente ainda perdoou seu filho, Hunter, que estava sendo processado por crimes envolvendo armas e impostos, al\u00e9m de funcion\u00e1rios como Anthony Fauci, o homem respons\u00e1vel pelo combate \u00e0 pandemia de Covid-19, entre outros.\n<\/p>\n<p>*EFE\n<\/p>\n<p>Fonte: Pleno News              <\/p>\n<\/div>\n<p><br \/>\n<br \/><a href=\"https:\/\/diariodobrasilnoticias.com.br\/noticia\/donald-trump-diz-que-indultos-concedidos-por-biden-sao-nulos-67d82c92b5a64\">Source link <\/a><\/p>","protected":false},"excerpt":{"rendered":"<p>O presidente dos Estados Unidos, Donald Trump, afirmou nesta segunda-feira (17) que os indultos concedidos por seu antecessor, Joe Biden, s\u00e3o \u201cnulos e sem efeito\u201d porque foram assinados por uma&hellip;<\/p>","protected":false},"author":1,"featured_media":111706,"comment_status":"closed","ping_status":"open","sticky":false,"template":"","format":"standard","meta":{"content-type":"","footnotes":""},"categories":[16],"tags":[123,2448,5313,1267],"class_list":["post-111705","post","type-post","status-publish","format-standard","has-post-thumbnail","hentry","category-noticias","tag-brasil","tag-diario","tag-noticia","tag-noticias"],"_links":{"self":[{"href":"https:\/\/tvbrazilusa.com\/pt\/wp-json\/wp\/v2\/posts\/111705","targetHints":{"allow":["GET"]}}],"collection":[{"href":"https:\/\/tvbrazilusa.com\/pt\/wp-json\/wp\/v2\/posts"}],"about":[{"href":"https:\/\/tvbrazilusa.com\/pt\/wp-json\/wp\/v2\/types\/post"}],"author":[{"embeddable":true,"href":"https:\/\/tvbrazilusa.com\/pt\/wp-json\/wp\/v2\/users\/1"}],"replies":[{"embeddable":true,"href":"https:\/\/tvbrazilusa.com\/pt\/wp-json\/wp\/v2\/comments?post=111705"}],"version-history":[{"count":1,"href":"https:\/\/tvbrazilusa.com\/pt\/wp-json\/wp\/v2\/posts\/111705\/revisions"}],"predecessor-version":[{"id":111707,"href":"https:\/\/tvbrazilusa.com\/pt\/wp-json\/wp\/v2\/posts\/111705\/revisions\/111707"}],"wp:featuredmedia":[{"embeddable":true,"href":"https:\/\/tvbrazilusa.com\/pt\/wp-json\/wp\/v2\/media\/111706"}],"wp:attachment":[{"href":"https:\/\/tvbrazilusa.com\/pt\/wp-json\/wp\/v2\/media?parent=111705"}],"wp:term":[{"taxonomy":"category","embeddable":true,"href":"https:\/\/tvbrazilusa.com\/pt\/wp-json\/wp\/v2\/categories?post=111705"},{"taxonomy":"post_tag","embeddable":true,"href":"https:\/\/tvbrazilusa.com\/pt\/wp-json\/wp\/v2\/tags?post=111705"}],"curies":[{"name":"wp","href":"https:\/\/api.w.org\/{rel}","templated":true}]}}