{"id":111720,"date":"2025-03-17T16:51:16","date_gmt":"2025-03-17T16:51:16","guid":{"rendered":"https:\/\/tvbrazilusa.com\/2025\/03\/17\/celebrando-a-identidade-e-a-coragem-em-adar-a-mensagem-de-gal-gadot-e-o-espirito-de-purim\/"},"modified":"2025-03-17T16:51:18","modified_gmt":"2025-03-17T16:51:18","slug":"celebrando-a-identidade-e-a-coragem-em-adar-a-mensagem-de-gal-gadot-e-o-espirito-de-purim","status":"publish","type":"post","link":"https:\/\/tvbrazilusa.com\/pt\/2025\/03\/17\/celebrando-a-identidade-e-a-coragem-em-adar-a-mensagem-de-gal-gadot-e-o-espirito-de-purim\/","title":{"rendered":"Celebrando a Identidade e a Coragem em Adar: A Mensagem de Gal Gadot e o Esp\u00edrito de Purim"},"content":{"rendered":"<p> <script async src=\"https:\/\/pagead2.googlesyndication.com\/pagead\/js\/adsbygoogle.js?client=ca-pub-8864793242727901\"\r\n     crossorigin=\"anonymous\"><\/script><br \/>\n<\/p>\n<div id=\"taboola-read-more\" style=\"display:block; width:100%\">\n<p>Em tempos desafiadores, celebrar quem somos e de onde viemos torna-se ainda mais essencial. O m\u00eas de Adar, no calend\u00e1rio judaico, e a festividade de Purim, que comemora a salva\u00e7\u00e3o do povo judeu na antiga P\u00e9rsia, convidam-nos a uma reflex\u00e3o sobre identidade, coragem e resili\u00eancia. A voz de Gal Gadot ecoa esses temas com uma mensagem poderosa e urgente.\n<\/p>\n<p>Gal Gadot: Uma Voz de Orgulho e Resist\u00eancia<br \/>Gal Gadot, atriz israelense de renome, tem defendido sua identidade judaica com firmeza. Em um discurso impactante, expressou seu orgulho em ser judia e alertou sobre o aumento do antissemitismo.<\/p>\n<p>&#8220;Sou Gal e sou judia.&#8221;<br \/>Essa simples afirma\u00e7\u00e3o ressalta a import\u00e2ncia de honrar e proteger nossa identidade. Descendente de sobreviventes do Holocausto e parte da oitava gera\u00e7\u00e3o de sua fam\u00edlia em Israel, Gal personifica a continuidade e resili\u00eancia do povo judeu.<br \/>&#8220;O \u00f3dio contra os judeus se tornou uma realidade imposs\u00edvel de ignorar.&#8221;\n<\/p>\n<p>Diante do ressurgimento do antissemitismo, a coragem de Gal Gadot em denunci\u00e1-lo \u00e9 um chamado \u00e0 a\u00e7\u00e3o. Sua voz nos lembra que n\u00e3o podemos nos calar diante do \u00f3dio e da discrimina\u00e7\u00e3o.\n<\/p>\n<p>&#8220;Nosso amor e nossa resist\u00eancia s\u00e3o mais fortes do que o \u00f3dio.&#8221;<br \/>Essa mensagem de esperan\u00e7a nos inspira a superar o \u00f3dio e construir um futuro de paz e respeito.\n<\/p>\n<p>Adar e Purim: Celebrando a Alegria e a Salva\u00e7\u00e3o<br \/>O m\u00eas de Adar, com sua atmosfera de alegria, convida-nos a celebrar a vida com esperan\u00e7a. &#8220;Quando Adar entra, a alegria aumenta&#8221;, refletindo a cren\u00e7a em tempos prop\u00edcios para a felicidade.<br \/>Purim, no cora\u00e7\u00e3o de Adar, comemora a salva\u00e7\u00e3o dos judeus na antiga P\u00e9rsia, conforme narrado no Livro de Ester (Megillat Ester). A hist\u00f3ria de Ester, que arriscou sua vida para salvar seu povo, \u00e9 uma li\u00e7\u00e3o de coragem e autoafirma\u00e7\u00e3o.\n<\/p>\n<p>Ester escondeu sua identidade inicialmente, mas, ao perceber o perigo, revelou-se, demonstrando que a coragem de ser quem somos pode ser a chave para a salva\u00e7\u00e3o.<br \/>A Conex\u00e3o Entre Gal Gadot e Purim: Coragem e Identidade\n<\/p>\n<p>O paralelo entre Gal Gadot e Purim \u00e9 not\u00e1vel. Ambas nos ensinam a abra\u00e7ar nossa identidade, mesmo na adversidade.<br \/>Assim como Ester arriscou sua vida, Gal Gadot demonstra coragem ao afirmar seu orgulho judaico globalmente. Ambas s\u00e3o exemplos de mulheres fortes que defenderam seus povos.<br \/>A hist\u00f3ria de Purim resiste a um decreto genocida, assim como Gal Gadot resiste ao antissemitismo contempor\u00e2neo. Ambas nos lembram que a luta contra o \u00f3dio \u00e9 constante e exige coragem.\n<\/p>\n<p>Tanto Purim quanto Gal Gadot nos convidam a celebrar a identidade judaica. Em Purim, reunimo-nos para ler a Megillat Ester, trocar presentes e celebrar a alegria da salva\u00e7\u00e3o. Gal Gadot nos convida a refletir sobre o que significa ser judeu hoje e a nos orgulharmos de nossa heran\u00e7a.<br \/>Um Chamado \u00e0 A\u00e7\u00e3o: Celebrando a Identidade e Combatendo o \u00d3dio<br \/>Neste Adar e Purim, reflitamos sobre o que significa celebrar nossa identidade e nos posicionarmos contra o \u00f3dio.<br \/>Como podemos celebrar nossa identidade?<br \/>\u2022 Conectando-nos com nossa hist\u00f3ria.<br \/>\u2022 Celebrando com alegria.<br \/>\u2022 Expressando nossa cultura.<br \/>\u2022 Orgulhando-nos de quem somos.<br \/>Como podemos combater o \u00f3dio e a discrimina\u00e7\u00e3o?<br \/>\u2022 Educando-nos.<br \/>\u2022 Denunciando o \u00f3dio.<br \/>\u2022 Apoiando as v\u00edtimas.<br \/>\u2022 Promovendo a inclus\u00e3o.\n<\/p>\n<p>Conclus\u00e3o: Uma Mensagem de Esperan\u00e7a e Resili\u00eancia<br \/>Em Adar e Purim, celebramos a alegria, a coragem e a resili\u00eancia do povo judeu. Inspirados por Ester e Gal Gadot, abracemos nossa identidade com orgulho e combatamos o \u00f3dio.\n<\/p>\n<p>Lembremos que o amor \u00e9 mais forte que o \u00f3dio. Que o esp\u00edrito de Adar e Purim nos inspire a construir um mundo mais justo, inclusivo e pac\u00edfico.\n<\/p>\n<p>Que a celebra\u00e7\u00e3o de nossa identidade seja uma fonte de for\u00e7a e inspira\u00e7\u00e3o para um futuro melhor. Am\u00e9m!<br \/>Autor: Ric Scheinkman &#8211; Presidente CNBI https:\/\/www.cnbi.com.br\/ <br \/>Instagram: @rscheinkman <br \/>LinkedIn: @rscheinkman               <\/p>\n<\/div>\n<p><br \/>\n<br \/><a href=\"https:\/\/diariodobrasilnoticias.com.br\/noticia\/celebrando-a-identidade-e-a-coragem-em-adar-a-mensagem-de-gal-gadot-e-o-espirito-de-purim-67d8381cb6e24\">Source link <\/a><\/p>","protected":false},"excerpt":{"rendered":"<p>Em tempos desafiadores, celebrar quem somos e de onde viemos torna-se ainda mais essencial. O m\u00eas de Adar, no calend\u00e1rio judaico, e a festividade de Purim, que comemora a salva\u00e7\u00e3o&hellip;<\/p>","protected":false},"author":1,"featured_media":111721,"comment_status":"closed","ping_status":"open","sticky":false,"template":"","format":"standard","meta":{"content-type":"","footnotes":""},"categories":[16],"tags":[123,2448,5313,1267],"class_list":["post-111720","post","type-post","status-publish","format-standard","has-post-thumbnail","hentry","category-noticias","tag-brasil","tag-diario","tag-noticia","tag-noticias"],"_links":{"self":[{"href":"https:\/\/tvbrazilusa.com\/pt\/wp-json\/wp\/v2\/posts\/111720","targetHints":{"allow":["GET"]}}],"collection":[{"href":"https:\/\/tvbrazilusa.com\/pt\/wp-json\/wp\/v2\/posts"}],"about":[{"href":"https:\/\/tvbrazilusa.com\/pt\/wp-json\/wp\/v2\/types\/post"}],"author":[{"embeddable":true,"href":"https:\/\/tvbrazilusa.com\/pt\/wp-json\/wp\/v2\/users\/1"}],"replies":[{"embeddable":true,"href":"https:\/\/tvbrazilusa.com\/pt\/wp-json\/wp\/v2\/comments?post=111720"}],"version-history":[{"count":1,"href":"https:\/\/tvbrazilusa.com\/pt\/wp-json\/wp\/v2\/posts\/111720\/revisions"}],"predecessor-version":[{"id":111722,"href":"https:\/\/tvbrazilusa.com\/pt\/wp-json\/wp\/v2\/posts\/111720\/revisions\/111722"}],"wp:featuredmedia":[{"embeddable":true,"href":"https:\/\/tvbrazilusa.com\/pt\/wp-json\/wp\/v2\/media\/111721"}],"wp:attachment":[{"href":"https:\/\/tvbrazilusa.com\/pt\/wp-json\/wp\/v2\/media?parent=111720"}],"wp:term":[{"taxonomy":"category","embeddable":true,"href":"https:\/\/tvbrazilusa.com\/pt\/wp-json\/wp\/v2\/categories?post=111720"},{"taxonomy":"post_tag","embeddable":true,"href":"https:\/\/tvbrazilusa.com\/pt\/wp-json\/wp\/v2\/tags?post=111720"}],"curies":[{"name":"wp","href":"https:\/\/api.w.org\/{rel}","templated":true}]}}