{"id":111726,"date":"2025-03-17T17:16:18","date_gmt":"2025-03-17T17:16:18","guid":{"rendered":"https:\/\/tvbrazilusa.com\/2025\/03\/17\/gleisi-reafirma-apoio-a-reeleicao-de-lula-e-descarta-dialogo-com-opositores-radicais-no-congresso\/"},"modified":"2025-03-17T17:16:22","modified_gmt":"2025-03-17T17:16:22","slug":"gleisi-reafirma-apoio-a-reeleicao-de-lula-e-descarta-dialogo-com-opositores-radicais-no-congresso","status":"publish","type":"post","link":"https:\/\/tvbrazilusa.com\/pt\/2025\/03\/17\/gleisi-reafirma-apoio-a-reeleicao-de-lula-e-descarta-dialogo-com-opositores-radicais-no-congresso\/","title":{"rendered":"Gleisi reafirma apoio \u00e0 reelei\u00e7\u00e3o de Lula e descarta di\u00e1logo com opositores radicais no Congresso"},"content":{"rendered":"<p> <script async src=\"https:\/\/pagead2.googlesyndication.com\/pagead\/js\/adsbygoogle.js?client=ca-pub-8864793242727901\"\r\n     crossorigin=\"anonymous\"><\/script><br \/>\n<\/p>\n<div id=\"taboola-read-more\" style=\"display:block; width:100%\">\n<p>A ministra da Secretaria de Rela\u00e7\u00f5es Institucionais (SRI), Gleisi Hoffmann, afirmou neste domingo, 16, que n\u00e3o pretende negociar com parlamentares da oposi\u00e7\u00e3o que classifica como \u201cradicais\u201d. Segundo ela, o di\u00e1logo ser\u00e1 mantido apenas com aqueles dispostos a debater temas de interesse nacional.\n<\/p>\n<p>\u201cTinha um ditado que a minha av\u00f3 dizia: \u2018N\u00e3o gaste vela com santo ruim\u2019\u201d, disse a ministra. \u201cSe eu n\u00e3o vou convencer, vou tratar bem, obviamente, respeitar, porque eu n\u00e3o trato ningu\u00e9m mal. Agora, com quem \u00e9 da conversa, mesmo sendo da oposi\u00e7\u00e3o, eu vou procurar dialogar para ver se a gente pode encontrar converg\u00eancia. [\u2026] Mas com aqueles que gritam, que agridem, a\u00ed n\u00e3o tem di\u00e1logo, a\u00ed n\u00e3o adianta gastar tempo.\u201d<\/p>\n<p>A declara\u00e7\u00e3o foi dada durante entrevista ao podcast PodK Liberados, do senador Jorge Kajuru (PSB-GO), transmitido pela RedeTV! e pelo YouTube. Essa foi a primeira entrevista exclusiva concedida desde que assumiu o comando da SRI, na segunda-feira 10, e substitutiu Alexandre Padilha, que foi transferido para o Minist\u00e9rio da Sa\u00fade.\n<\/p>\n<p>Expectativa de Gleisi com o Congresso e ministros<br \/>Sobre a rela\u00e7\u00e3o do governo com o Congresso, Gleisi manifestou esperan\u00e7a em avan\u00e7os com os novos presidentes da C\u00e2mara, Hugo Motta, e do Senado, Davi Alcolumbre. Segundo ela, o Pal\u00e1cio do Planalto buscar\u00e1 manter uma rela\u00e7\u00e3o baseada em lealdade, transpar\u00eancia e respeito com as duas Casas Legislativas.\n<\/p>\n<p>Ao comentar sua rela\u00e7\u00e3o com Fernando Haddad, ministro da Fazenda, negou qualquer conflito e afirmou que suas cr\u00edticas ao arcabou\u00e7o fiscal fazem parte do processo pol\u00edtico.\n<\/p>\n<p>\u201cEu entrei para o governo para somar\u201d, enfatizou Gleisi. \u201cPosso ter minhas cr\u00edticas, posi\u00e7\u00f5es divergentes. Eu acho que isso \u00e9 normal em um processo democr\u00e1tico e no processo que temos de forma\u00e7\u00e3o de governo. Mas nesse lugar da SRI estou aqui para facilitar a vida do governo, do presidente e dos ministros que executam as pol\u00edtica. Vim para ajudar.\u201d\n<\/p>\n<p>Elei\u00e7\u00f5es e papel da oposi\u00e7\u00e3o<br \/>Ao avaliar a atua\u00e7\u00e3o da oposi\u00e7\u00e3o, Gleisi criticou a estrat\u00e9gia do ex-presidente Jair Bolsonaro, que n\u00e3o descarta uma candidatura em 2026, apesar de estar ineleg\u00edvel. Para ela, essa postura impede a consolida\u00e7\u00e3o de uma lideran\u00e7a alternativa na direita.\n<\/p>\n<p>\u201cComo Bolsonaro n\u00e3o est\u00e1 no jogo e ele quer entrar para o jogo de novo, ele n\u00e3o est\u00e1 deixando que a direita se organize\u201d, afirmou a ministra. \u201cVai levar a candidatura at\u00e9 o final e depois, de certo, colocar um substituto, que pode ser um filho. Mas a\u00ed fica dif\u00edcil para a direita construir um processo.\u201d\n<\/p>\n<p>Gleisi garantiu que Lula disputar\u00e1 a reelei\u00e7\u00e3o em 2026. Disse ainda que o governo precisa ajustar sua estrat\u00e9gia de comunica\u00e7\u00e3o, mas confia que entregar\u00e1 resultados positivos.\n<\/p>\n<p>Quest\u00e3o feminina na pol\u00edtica<br \/>A ministra tamb\u00e9m abordou os desafios enfrentados por mulheres na pol\u00edtica. Para ela, o ambiente ainda \u00e9 predominantemente masculino.\n<\/p>\n<p>\u201c\u00c9 um ambiente absolutamente masculino\u201d, disse Hoffmann. \u201cN\u00e3o estou nem falando que \u00e9 machista, mis\u00f3gino, porque isso \u00e9 um problema de defeito mesmo, mas \u00e9 masculino. E os c\u00f3digos s\u00e3o masculinos tamb\u00e9m. A gente vai quebrando um pouco de barreiras, mas ainda assim \u00e9 dif\u00edcil. [\u2026] Ir a jantares \u00e9 um pouco da caracter\u00edstica masculina. Eu tenho uma limita\u00e7\u00e3o, n\u00e3o aguento ir em mais de um n\u00e3o. Gosto de dormir cedo, porque eu acordo cedo. Al\u00e9m de ir para a academia, tem que ler os jornais, chegar preparada. Isso \u00e9 um ponto que pode me dar dificuldades.\u201d\n<\/p>\n<p>Gleisi rejeita a anistia aos envolvidos no 8 de janeiro<br \/>Sobre os atos de 8 de janeiro de 2023, Gleisi rejeitou a anistia aos envolvidos na depreda\u00e7\u00e3o das sedes dos Tr\u00eas Poderes.\n<\/p>\n<p>\u201cTem que ser pedag\u00f3gico\u201d, disse a ministra, ao falar sobre os atos. \u201cO que aconteceu nesse per\u00edodo n\u00e3o foi pouca coisa. Temos hoje a hist\u00f3ria de um golpe que estava sendo constru\u00eddo. N\u00e3o foi s\u00f3 o 8 de janeiro. Desde que Bolsonaro perdeu a elei\u00e7\u00e3o, eles come\u00e7aram a tramar um golpe. As pessoas t\u00eam que ser responsabilizadas por isso.\u201d\n<\/p>\n<p>Quanto ao impeachment de ministros do Supremo Tribunal Federal (STF), disse que, embora seja uma prerrogativa do Senado, n\u00e3o v\u00ea motivos para sua aplica\u00e7\u00e3o no momento.\n<\/p>\n<p>\u201c\u00c9 um instituto que existe e est\u00e1 previsto\u201d, declarou. \u201cSenado tem essa faculdade. Obviamente que se existir motivo, se existir problema realmente de fato, o Senado vai fazer, mas n\u00e3o pode ser utilizado como uma faca na cabe\u00e7a dos ministros do Supremo para que eles fa\u00e7am o que grande parte do Senado quer. A Justi\u00e7a precisa ter independ\u00eancia. Essas coisas t\u00eam que lidar com muito cuidado porque s\u00e3o muito desestabilizadoras das rela\u00e7\u00f5es.\u201d\n<\/p>\n<p>Fonte: Revista Oeste              <\/p>\n<\/div>\n<p><br \/>\n<br \/><a href=\"https:\/\/diariodobrasilnoticias.com.br\/noticia\/gleisi-reafirma-apoio-a-reeleicao-de-lula-e-descarta-dialogo-com-opositores-radicais-no-congresso-67d83b2b0ac77\">Source link <\/a><\/p>","protected":false},"excerpt":{"rendered":"<p>A ministra da Secretaria de Rela\u00e7\u00f5es Institucionais (SRI), Gleisi Hoffmann, afirmou neste domingo, 16, que n\u00e3o pretende negociar com parlamentares da oposi\u00e7\u00e3o que classifica como \u201cradicais\u201d. Segundo ela, o di\u00e1logo&hellip;<\/p>","protected":false},"author":1,"featured_media":111727,"comment_status":"closed","ping_status":"open","sticky":false,"template":"","format":"standard","meta":{"content-type":"","footnotes":""},"categories":[16],"tags":[123,2448,5313,1267],"class_list":["post-111726","post","type-post","status-publish","format-standard","has-post-thumbnail","hentry","category-noticias","tag-brasil","tag-diario","tag-noticia","tag-noticias"],"_links":{"self":[{"href":"https:\/\/tvbrazilusa.com\/pt\/wp-json\/wp\/v2\/posts\/111726","targetHints":{"allow":["GET"]}}],"collection":[{"href":"https:\/\/tvbrazilusa.com\/pt\/wp-json\/wp\/v2\/posts"}],"about":[{"href":"https:\/\/tvbrazilusa.com\/pt\/wp-json\/wp\/v2\/types\/post"}],"author":[{"embeddable":true,"href":"https:\/\/tvbrazilusa.com\/pt\/wp-json\/wp\/v2\/users\/1"}],"replies":[{"embeddable":true,"href":"https:\/\/tvbrazilusa.com\/pt\/wp-json\/wp\/v2\/comments?post=111726"}],"version-history":[{"count":1,"href":"https:\/\/tvbrazilusa.com\/pt\/wp-json\/wp\/v2\/posts\/111726\/revisions"}],"predecessor-version":[{"id":111728,"href":"https:\/\/tvbrazilusa.com\/pt\/wp-json\/wp\/v2\/posts\/111726\/revisions\/111728"}],"wp:featuredmedia":[{"embeddable":true,"href":"https:\/\/tvbrazilusa.com\/pt\/wp-json\/wp\/v2\/media\/111727"}],"wp:attachment":[{"href":"https:\/\/tvbrazilusa.com\/pt\/wp-json\/wp\/v2\/media?parent=111726"}],"wp:term":[{"taxonomy":"category","embeddable":true,"href":"https:\/\/tvbrazilusa.com\/pt\/wp-json\/wp\/v2\/categories?post=111726"},{"taxonomy":"post_tag","embeddable":true,"href":"https:\/\/tvbrazilusa.com\/pt\/wp-json\/wp\/v2\/tags?post=111726"}],"curies":[{"name":"wp","href":"https:\/\/api.w.org\/{rel}","templated":true}]}}