{"id":111735,"date":"2025-03-17T17:45:41","date_gmt":"2025-03-17T17:45:41","guid":{"rendered":"https:\/\/tvbrazilusa.com\/2025\/03\/17\/fugindo-do-8-de-janeiro-brasileiras-sao-presas-nos-eua-por-tentativa-de-imigracao-irregular\/"},"modified":"2025-03-17T17:45:42","modified_gmt":"2025-03-17T17:45:42","slug":"fugindo-do-8-de-janeiro-brasileiras-sao-presas-nos-eua-por-tentativa-de-imigracao-irregular","status":"publish","type":"post","link":"https:\/\/tvbrazilusa.com\/pt\/2025\/03\/17\/fugindo-do-8-de-janeiro-brasileiras-sao-presas-nos-eua-por-tentativa-de-imigracao-irregular\/","title":{"rendered":"Fugindo do 8 de Janeiro, brasileiras s\u00e3o presas nos EUA por tentativa de imigra\u00e7\u00e3o irregular"},"content":{"rendered":"<p> <script async src=\"https:\/\/pagead2.googlesyndication.com\/pagead\/js\/adsbygoogle.js?client=ca-pub-8864793242727901\"\r\n     crossorigin=\"anonymous\"><\/script><br \/>\n<\/p>\n<div id=\"taboola-read-more\" style=\"display:block; width:100%\">\n<p>Os Estados Unidos detiveram quatro mulheres brasileiras foragidas em raz\u00e3o dos atos do 8\/1 de 2023, depois de tentarem cruzar ilegalmente a fronteira do pa\u00eds. Do total de pris\u00f5es, tr\u00eas ocorreram um dia depois da posse do presidente, Donald Trump, em 20 de janeiro de 2025.\n<\/p>\n<p>A Pol\u00edcia de Imigra\u00e7\u00e3o e Alf\u00e2ndega dos EUA (ICE) confirmou que o patrulhamento de fronteira realizou as deten\u00e7\u00f5es e iniciou o processo de expuls\u00e3o acelerada das detidas.<\/p>\n<p>Raquel Souza Lopes, de Joinville (SC), tentou entrar nos EUA em 12 de janeiro, sendo presa em La Grulla, no Texas. Rosana Maciel Gomes, de Goi\u00e2nia (GO), Michely Paiva Alves, de Limeira (SP), e Cristiane da Silva, de Balne\u00e1rio Cambori\u00fa (SC), foram interceptadas em 21 de janeiro em El Paso, tamb\u00e9m no Estado do Texas.\n<\/p>\n<p>Tr\u00eas delas j\u00e1 s\u00e3o condenadas por tentativa de golpe de Estado e uma ainda \u00e9 r\u00e9, ou seja, aguarda julgamento, com mandado de pris\u00e3o em aberto. H\u00e1 mais de 50 dias, elas aguardam em deten\u00e7\u00e3o em solo norte-americano.\n<\/p>\n<p>Condena\u00e7\u00f5es e defesas\n<\/p>\n<p>As condena\u00e7\u00f5es variam de um a 17 anos de pris\u00e3o. Por outro lado, as mulheres se dizem perseguidas pol\u00edticas, em raz\u00e3o de apoio ao ex-presidente Jair Bolsonaro. As quatro fugiram para a Argentina ainda em 2024, em temor a extradi\u00e7\u00f5es solicitadas pelo Supremo Tribunal Federal (STF). O objetivo era buscar ref\u00fagio pol\u00edtico nos EUA, pela rela\u00e7\u00e3o de Trump com Bolsonaro.\n<\/p>\n<p>Raquel foi condenada a 17 anos por cinco crimes, incluindo golpe de Estado e associa\u00e7\u00e3o criminosa. Depois de deixar o Brasil, ela percorreu Chile, Peru, Col\u00f4mbia e M\u00e9xico, antes de tentar entrar nos EUA. Sua advogada desistiu do caso, e sua fam\u00edlia busca nova defesa.\n<\/p>\n<p>Rosana, condenada a 14 anos, tem dois mandados de pris\u00e3o no Brasil e ordem de extradi\u00e7\u00e3o na Argentina. Amigos dela contataram o consulado brasileiro em Houston, no Texas, em busca de apoio.\n<\/p>\n<p>Michely, r\u00e9 por cinco crimes, organizou o transporte de manifestantes para Bras\u00edlia em 8 de janeiro. O frete custou R$ 12 mil, dos quais ela pagou R$ 6,5 mil. Depois de se refugiar na Argentina, seguiu para os EUA via Peru, Col\u00f4mbia e M\u00e9xico. J\u00e1 Cristiane, condenada a um ano por associa\u00e7\u00e3o criminosa, nega envolvimento nos protestos, pois estaria em Bras\u00edlia apenas a passeio.\n<\/p>\n<p>Anistia aos presos do 8\/1\n<\/p>\n<p>Neste domingo, 16, milhares de brasileiros foram \u00e0 Praia de Copacabana, no Rio de Janeiro, para se manifestar em favor da anistia aos presos do 8\/1 de 2023. Oeste acompanhou o ato in loco, com entrevistas exclusivas e reportagens especiais.\n<\/p>\n<p>Ao lado do ex-presidente Jair Bolsonaro, diversos governadores, deputados e senadores estavam na manifesta\u00e7\u00e3o. Entre os chefes de Executivos estaduais presentes estavam Cl\u00e1udio Castro (PL-RJ), Tarc\u00edsio de Freitas (Republicanos-SP), Jorginho Melo (PL-SC) e Mauro Mendes (Uni\u00e3o-MT). O presidente nacional do PL, Valdemar Costa Neto, tamb\u00e9m marcou presen\u00e7a.\n<\/p>\n<p>Entre os senadores presentes estavam Fl\u00e1vio Bolsonaro (PL-RJ), Magno Malta (PL-ES), Carlos Portinho (PL-RJ), Rog\u00e9rio Marinho (PL-RN), Izalci Lucas (PSDB-DF), Wilder Morais (PL-GO), Wellington Fagundes (PL-MT) e Cleitinho (Republicanos-MG).\n<\/p>\n<p>O evento tamb\u00e9m contou com a presen\u00e7a de diversos deputados federais alinhados a Bolsonaro, como Nikolas Ferreira, Altineu C\u00f4rtes, S\u00f3stenes Cavalcante, Zucco, H\u00e9lio Neg\u00e3o, Rodrigo Valadares, Carlos Jordy, Rodolfo Nogueira, Evair de Melo, Jo\u00e3o Roma, Andr\u00e9 Fernandes, Eduardo Pazuello, M\u00e1rio Frias, Felipe Barros, Alexandre Ramagem e Osmar Terra. O vereador Carlos Bolsonaro (PL-RJ), al\u00e9m de prefeitos e deputados estaduais, tamb\u00e9m compareceu.\n<\/p>\n<p>Fonte: Revista Oeste              <\/p>\n<\/div>\n<p><br \/>\n<br \/><a href=\"https:\/\/diariodobrasilnoticias.com.br\/noticia\/fugindo-do-8-de-janeiro-brasileiras-sao-presas-nos-eua-por-tentativa-de-imigracao-irregular-67d83baf96482\">Source link <\/a><\/p>","protected":false},"excerpt":{"rendered":"<p>Os Estados Unidos detiveram quatro mulheres brasileiras foragidas em raz\u00e3o dos atos do 8\/1 de 2023, depois de tentarem cruzar ilegalmente a fronteira do pa\u00eds. Do total de pris\u00f5es, tr\u00eas&hellip;<\/p>","protected":false},"author":1,"featured_media":111736,"comment_status":"closed","ping_status":"open","sticky":false,"template":"","format":"standard","meta":{"content-type":"","footnotes":""},"categories":[16],"tags":[123,2448,5313,1267],"class_list":["post-111735","post","type-post","status-publish","format-standard","has-post-thumbnail","hentry","category-noticias","tag-brasil","tag-diario","tag-noticia","tag-noticias"],"_links":{"self":[{"href":"https:\/\/tvbrazilusa.com\/pt\/wp-json\/wp\/v2\/posts\/111735","targetHints":{"allow":["GET"]}}],"collection":[{"href":"https:\/\/tvbrazilusa.com\/pt\/wp-json\/wp\/v2\/posts"}],"about":[{"href":"https:\/\/tvbrazilusa.com\/pt\/wp-json\/wp\/v2\/types\/post"}],"author":[{"embeddable":true,"href":"https:\/\/tvbrazilusa.com\/pt\/wp-json\/wp\/v2\/users\/1"}],"replies":[{"embeddable":true,"href":"https:\/\/tvbrazilusa.com\/pt\/wp-json\/wp\/v2\/comments?post=111735"}],"version-history":[{"count":1,"href":"https:\/\/tvbrazilusa.com\/pt\/wp-json\/wp\/v2\/posts\/111735\/revisions"}],"predecessor-version":[{"id":111737,"href":"https:\/\/tvbrazilusa.com\/pt\/wp-json\/wp\/v2\/posts\/111735\/revisions\/111737"}],"wp:featuredmedia":[{"embeddable":true,"href":"https:\/\/tvbrazilusa.com\/pt\/wp-json\/wp\/v2\/media\/111736"}],"wp:attachment":[{"href":"https:\/\/tvbrazilusa.com\/pt\/wp-json\/wp\/v2\/media?parent=111735"}],"wp:term":[{"taxonomy":"category","embeddable":true,"href":"https:\/\/tvbrazilusa.com\/pt\/wp-json\/wp\/v2\/categories?post=111735"},{"taxonomy":"post_tag","embeddable":true,"href":"https:\/\/tvbrazilusa.com\/pt\/wp-json\/wp\/v2\/tags?post=111735"}],"curies":[{"name":"wp","href":"https:\/\/api.w.org\/{rel}","templated":true}]}}