{"id":111738,"date":"2025-03-17T17:58:51","date_gmt":"2025-03-17T17:58:51","guid":{"rendered":"https:\/\/tvbrazilusa.com\/2025\/03\/17\/alerta-banco-central-comunica-vazamento-de-dados-vinculados-a-chaves-pix\/"},"modified":"2025-03-17T17:58:55","modified_gmt":"2025-03-17T17:58:55","slug":"alerta-banco-central-comunica-vazamento-de-dados-vinculados-a-chaves-pix","status":"publish","type":"post","link":"https:\/\/tvbrazilusa.com\/pt\/2025\/03\/17\/alerta-banco-central-comunica-vazamento-de-dados-vinculados-a-chaves-pix\/","title":{"rendered":"ALERTA: Banco Central comunica vazamento de dados vinculados a  chaves Pix"},"content":{"rendered":"<p> <script async src=\"https:\/\/pagead2.googlesyndication.com\/pagead\/js\/adsbygoogle.js?client=ca-pub-8864793242727901\"\r\n     crossorigin=\"anonymous\"><\/script><br \/>\n<\/p>\n<div data-block-type=\"unstyled\" data-block-weight=\"31\" data-block-id=\"6\">\n<p class=\"content-text__container\" data-track-category=\"Link no Texto\" data-track-links=\"\" data-mrf-recirculation=\"Article links\">Segundo o Banco Central, os dados vazados, de 23 de fevereiro e 6 de mar\u00e7o, s\u00e3o: nome do usu\u00e1rio, CPF com m\u00e1scara, institui\u00e7\u00e3o de relacionamento, ag\u00eancia, n\u00famero e tipo da conta.\n<\/p>\n<div class=\"cropped-block\">\n<div class=\"mc-column content-text active-extra-styles\" data-block-type=\"unstyled\" data-block-weight=\"49\" data-block-id=\"7\">\n<p class=\"content-text__container\" data-track-category=\"Link no Texto\" data-track-links=\"\" data-mrf-recirculation=\"Article links\">Ainda de acordo com o BC, aqueles que tiveram seus dados cadastrais obtidos a partir desse incidente ser\u00e3o notificados exclusivamente por meio do aplicativo ou pelo internet banking da institui\u00e7\u00e3o. Nenhum outro meio de comunica\u00e7\u00e3o aos usu\u00e1rios afetados ser\u00e1 utilizado, como aplicativos de mensagens, chamadas telef\u00f4nicas, SMS ou e-mail.\n<\/p>\n<\/div>\n<\/div>\n<div class=\"cropped-block\" data-track-category=\"multicontent\" data-track-action=\"ultimo chunk conteudo\" data-track-noninteraction=\"false\" data-track-scroll=\"view\">\n<div class=\"mc-column content-text active-extra-styles\" data-block-type=\"unstyled\" data-block-weight=\"25\" data-block-id=\"8\">\n<p class=\"content-text__container\" data-track-category=\"Link no Texto\" data-track-links=\"\" data-mrf-recirculation=\"Article links\">&#8220;O BC informa que foram adotadas as a\u00e7\u00f5es necess\u00e1rias para a apura\u00e7\u00e3o detalhada do caso e ser\u00e3o aplicadas as medidas sancionadoras previstas na regula\u00e7\u00e3o vigente&#8221;.\n<\/p>\n<p class=\"content-text__container\" data-track-category=\"Link no Texto\" data-track-links=\"\" data-mrf-recirculation=\"Article links\">\u00a0\n<\/p>\n<p class=\"content-text__container\" data-track-category=\"Link no Texto\" data-track-links=\"\" data-mrf-recirculation=\"Article links\">Fonte: Extra\n<\/p>\n<\/div>\n<\/div>\n<\/div>\n<p><br \/>\n<br \/><a href=\"https:\/\/diariodobrasilnoticias.com.br\/noticia\/alerta-banco-central-comunica-vazamento-de-dados-vinculados-a-chaves-pix-67d83eb0b2120\">Source link <\/a><\/p>","protected":false},"excerpt":{"rendered":"<p>Segundo o Banco Central, os dados vazados, de 23 de fevereiro e 6 de mar\u00e7o, s\u00e3o: nome do usu\u00e1rio, CPF com m\u00e1scara, institui\u00e7\u00e3o de relacionamento, ag\u00eancia, n\u00famero e tipo da&hellip;<\/p>","protected":false},"author":1,"featured_media":111739,"comment_status":"closed","ping_status":"open","sticky":false,"template":"","format":"standard","meta":{"content-type":"","footnotes":""},"categories":[16],"tags":[123,2448,5313,1267],"class_list":["post-111738","post","type-post","status-publish","format-standard","has-post-thumbnail","hentry","category-noticias","tag-brasil","tag-diario","tag-noticia","tag-noticias"],"_links":{"self":[{"href":"https:\/\/tvbrazilusa.com\/pt\/wp-json\/wp\/v2\/posts\/111738","targetHints":{"allow":["GET"]}}],"collection":[{"href":"https:\/\/tvbrazilusa.com\/pt\/wp-json\/wp\/v2\/posts"}],"about":[{"href":"https:\/\/tvbrazilusa.com\/pt\/wp-json\/wp\/v2\/types\/post"}],"author":[{"embeddable":true,"href":"https:\/\/tvbrazilusa.com\/pt\/wp-json\/wp\/v2\/users\/1"}],"replies":[{"embeddable":true,"href":"https:\/\/tvbrazilusa.com\/pt\/wp-json\/wp\/v2\/comments?post=111738"}],"version-history":[{"count":1,"href":"https:\/\/tvbrazilusa.com\/pt\/wp-json\/wp\/v2\/posts\/111738\/revisions"}],"predecessor-version":[{"id":111740,"href":"https:\/\/tvbrazilusa.com\/pt\/wp-json\/wp\/v2\/posts\/111738\/revisions\/111740"}],"wp:featuredmedia":[{"embeddable":true,"href":"https:\/\/tvbrazilusa.com\/pt\/wp-json\/wp\/v2\/media\/111739"}],"wp:attachment":[{"href":"https:\/\/tvbrazilusa.com\/pt\/wp-json\/wp\/v2\/media?parent=111738"}],"wp:term":[{"taxonomy":"category","embeddable":true,"href":"https:\/\/tvbrazilusa.com\/pt\/wp-json\/wp\/v2\/categories?post=111738"},{"taxonomy":"post_tag","embeddable":true,"href":"https:\/\/tvbrazilusa.com\/pt\/wp-json\/wp\/v2\/tags?post=111738"}],"curies":[{"name":"wp","href":"https:\/\/api.w.org\/{rel}","templated":true}]}}