{"id":111747,"date":"2025-03-17T18:39:11","date_gmt":"2025-03-17T18:39:11","guid":{"rendered":"https:\/\/tvbrazilusa.com\/2025\/03\/17\/briga-pelo-comando-do-pt-tem-fundo-financeiro-como-principal-motivacao\/"},"modified":"2025-03-17T18:39:12","modified_gmt":"2025-03-17T18:39:12","slug":"briga-pelo-comando-do-pt-tem-fundo-financeiro-como-principal-motivacao","status":"publish","type":"post","link":"https:\/\/tvbrazilusa.com\/pt\/2025\/03\/17\/briga-pelo-comando-do-pt-tem-fundo-financeiro-como-principal-motivacao\/","title":{"rendered":"Briga pelo comando do PT tem fundo financeiro como principal motiva\u00e7\u00e3o"},"content":{"rendered":"<p> <script async src=\"https:\/\/pagead2.googlesyndication.com\/pagead\/js\/adsbygoogle.js?client=ca-pub-8864793242727901\"\r\n     crossorigin=\"anonymous\"><\/script><br \/>\n<\/p>\n<div id=\"taboola-read-more\" style=\"display:block; width:100%\">\n<p>A disputa pelo comando do Partido dos Trabalhadores, que renova seus quadros no pr\u00f3ximo m\u00eas de julho, tem sacudido grupos opostos da legenda. A edi\u00e7\u00e3o de VEJA desta semana mostra como a ala de Gleisi Hoffmann, ex-presidente da sigla, tem feito campanha aberta contra a indica\u00e7\u00e3o de Edinho Silva, ex-prefeito de Araraquara e nome apoiado pelo pr\u00f3prio presidente Luiz In\u00e1cio Lula da Silva.\n<\/p>\n<p>Para al\u00e9m da disputa \u00f3bvia por espa\u00e7os de poder no controle de uma das maiores legendas do pa\u00eds, h\u00e1 um bom n\u00famero de petistas que v\u00ea no racha uma disputa por dinheiro \u2014 o que enseja, claro, mais capital pol\u00edtico a ser acumulado.<\/p>\n<p>Um dos pontos centrais da disputa \u00e9 quem vai assumir a tesouraria do partido, que s\u00f3 em 2024 recebeu 629 milh\u00f5es de reais do Fundo Eleitoral, o segundo maior entre todas as legendas, atr\u00e1s apenas do PL de Jair Bolsonaro.\n<\/p>\n<p>Os recursos volumosos dever\u00e3o ser especialmente cobi\u00e7ados a partir deste ano com vistas \u00e0 disputa eleitoral de 2026: detentor da \u201cchave do cofre\u201d, o tesoureiro \u00e9 tido, em ano de elei\u00e7\u00e3o, como t\u00e3o importante quanto o presidente da sigla. Cabe aos tesoureiros dos partidos a fun\u00e7\u00e3o de ordenar a distribui\u00e7\u00e3o dos fundos p\u00fablicos e prestar contas \u00e0 Justi\u00e7a sobre os gastos.\n<\/p>\n<p>Edinho j\u00e1 anunciou publicamente que pretende trocar a atual tesoureira \u2014 algo que \u00e9 prerrogativa de um dirigente que assume o mandato \u2014, mas o movimento desagradou a atual titular, Gleide Andrade. Aliada de Gleisi, ela foi uma das participantes mais vocais contra o ex-prefeito em reuni\u00e3o feita com Lula na quinta-feira passada, em Bras\u00edlia, na qual um grupo da corrente majorit\u00e1ria Construindo um Novo Brasil fez duras cr\u00edticas \u00e0 possibilidade de Edinho Silva ser o futuro presidente da sigla.\n<\/p>\n<p>Pouco conhecida fora da legenda, mas influente na burocracia petista, Gleide quer ser candidata a deputada federal por Minas Gerais em 2026 e perder o cargo h\u00e1 pouco tempo do pleito pode diminuir consideravelmente seu calibre para a disputa.\n<\/p>\n<p>Defesa<br \/>Em entrevista a VEJA, o presidente interino do PT, Humberto Costa (PE), criticou o movimento que, segundo ele, tem sido feito para desqualificar Gleide \u00e0 frente das finan\u00e7as do partido. \u201cEssa hist\u00f3ria de que a Gleide est\u00e1 querendo continuar no cargo, que n\u00e3o aceita sair, isso \u00e9 inclusive maldoso. Porque ela \u00e9 uma pessoa da nossa corrente. O que a corrente definir, ela vai aceitar\u201d, diz.\n<\/p>\n<p>Costa recha\u00e7a afirma\u00e7\u00f5es feitas de que n\u00e3o h\u00e1 transpar\u00eancia nas decis\u00f5es do partido. \u201cO or\u00e7amento \u00e9 elaborado com a participa\u00e7\u00e3o de toda a dire\u00e7\u00e3o, \u00e9 previamente apresentado \u00e0 dire\u00e7\u00e3o nacional, \u00e9 votado. A execu\u00e7\u00e3o \u00e9 p\u00fablica, os recursos do partido, a sua aplica\u00e7\u00e3o, tudo \u00e9 auditado pelo Tribunal Superior Eleitoral\u201d, afirma o dirigente.\n<\/p>\n<p>Ele reafirma, ainda, que a decis\u00e3o de quanto o PT vai investir em candidaturas com Fundo Eleitoral \u00e9 tomada tamb\u00e9m pela dire\u00e7\u00e3o do partido. \u201cO partido tem diversificadas formas de fiscaliza\u00e7\u00e3o\u201d, diz.\n<\/p>\n<p>Hist\u00f3rico<br \/>Petistas pr\u00f3ximos \u00e0 dupla Gleisi e Gleide s\u00e3o categ\u00f3ricos ao defender a gest\u00e3o da tesoureira no partido. \u201cN\u00e3o \u00e9 quest\u00e3o de passar pano, mas \u00e9 s\u00f3 olhar o hist\u00f3rico de tesoureiros do partido. Gleide nunca foi presa\u201d, alfineta um correligion\u00e1rio.\n<\/p>\n<p>Vale lembrar o hist\u00f3rico de antecessores da titular. Del\u00fabio Soares, Jo\u00e3o Vaccari e Paulo Ferreira foram investigados e chegaram a ser presos em investiga\u00e7\u00f5es relativas ao Mensal\u00e3o e \u00e0 Lava-Jato.<\/p>\n<p>Fonte: VEJA              <\/p>\n<\/div>\n<p><br \/>\n<br \/><a href=\"https:\/\/diariodobrasilnoticias.com.br\/noticia\/briga-pelo-comando-do-pt-tem-fundo-financeiro-como-principal-motivacao-67d8465a02dc8\">Source link <\/a><\/p>","protected":false},"excerpt":{"rendered":"<p>A disputa pelo comando do Partido dos Trabalhadores, que renova seus quadros no pr\u00f3ximo m\u00eas de julho, tem sacudido grupos opostos da legenda. A edi\u00e7\u00e3o de VEJA desta semana mostra&hellip;<\/p>","protected":false},"author":1,"featured_media":111748,"comment_status":"closed","ping_status":"open","sticky":false,"template":"","format":"standard","meta":{"content-type":"","footnotes":""},"categories":[16],"tags":[123,2448,5313,1267],"class_list":["post-111747","post","type-post","status-publish","format-standard","has-post-thumbnail","hentry","category-noticias","tag-brasil","tag-diario","tag-noticia","tag-noticias"],"_links":{"self":[{"href":"https:\/\/tvbrazilusa.com\/pt\/wp-json\/wp\/v2\/posts\/111747","targetHints":{"allow":["GET"]}}],"collection":[{"href":"https:\/\/tvbrazilusa.com\/pt\/wp-json\/wp\/v2\/posts"}],"about":[{"href":"https:\/\/tvbrazilusa.com\/pt\/wp-json\/wp\/v2\/types\/post"}],"author":[{"embeddable":true,"href":"https:\/\/tvbrazilusa.com\/pt\/wp-json\/wp\/v2\/users\/1"}],"replies":[{"embeddable":true,"href":"https:\/\/tvbrazilusa.com\/pt\/wp-json\/wp\/v2\/comments?post=111747"}],"version-history":[{"count":1,"href":"https:\/\/tvbrazilusa.com\/pt\/wp-json\/wp\/v2\/posts\/111747\/revisions"}],"predecessor-version":[{"id":111749,"href":"https:\/\/tvbrazilusa.com\/pt\/wp-json\/wp\/v2\/posts\/111747\/revisions\/111749"}],"wp:featuredmedia":[{"embeddable":true,"href":"https:\/\/tvbrazilusa.com\/pt\/wp-json\/wp\/v2\/media\/111748"}],"wp:attachment":[{"href":"https:\/\/tvbrazilusa.com\/pt\/wp-json\/wp\/v2\/media?parent=111747"}],"wp:term":[{"taxonomy":"category","embeddable":true,"href":"https:\/\/tvbrazilusa.com\/pt\/wp-json\/wp\/v2\/categories?post=111747"},{"taxonomy":"post_tag","embeddable":true,"href":"https:\/\/tvbrazilusa.com\/pt\/wp-json\/wp\/v2\/tags?post=111747"}],"curies":[{"name":"wp","href":"https:\/\/api.w.org\/{rel}","templated":true}]}}