{"id":111750,"date":"2025-03-17T18:52:15","date_gmt":"2025-03-17T18:52:15","guid":{"rendered":"https:\/\/tvbrazilusa.com\/2025\/03\/17\/gafe-ana-maria-braga-manda-beijo-para-cantora-falecida-em-2001\/"},"modified":"2025-03-17T18:52:17","modified_gmt":"2025-03-17T18:52:17","slug":"gafe-ana-maria-braga-manda-beijo-para-cantora-falecida-em-2001","status":"publish","type":"post","link":"https:\/\/tvbrazilusa.com\/pt\/2025\/03\/17\/gafe-ana-maria-braga-manda-beijo-para-cantora-falecida-em-2001\/","title":{"rendered":"Gafe: Ana Maria Braga manda beijo para cantora falecida em 2001"},"content":{"rendered":"<p> <script async src=\"https:\/\/pagead2.googlesyndication.com\/pagead\/js\/adsbygoogle.js?client=ca-pub-8864793242727901\"\r\n     crossorigin=\"anonymous\"><\/script><br \/>\n<\/p>\n<div id=\"taboola-read-more\" style=\"display:block; width:100%\">\n<p>A apresentadora Ana Maria Braga cometeu uma gafe no Mais Voc\u00ea, programa que apresenta na Globo, nesta segunda (17). Ela mandou um beijo para a cantora C\u00e1ssia Eller, que morreu em 2001 v\u00edtima de um infarto.\n<\/p>\n<p>O beijo ocorreu na abertura da atra\u00e7\u00e3o, que abriu ao som de &#8220;Malandragem&#8221;, considerado o maior sucesso da cantora em sua curta e bem-sucedida carreira no rock nacional. &#8220;Um beijo, Cassinha&#8221;, disse Ana Maria, sem notar a gafe.<\/p>\n<p>C\u00e1ssia Eller faleceu em 29 de dezembro de 2001, no auge de sua carreira, com apenas 39 anos, na cl\u00ednica Santa Maria no bairro de Laranjeiras, na zona sul do Rio de Janeiro ap\u00f3s sofrer quatro paradas card\u00edacas, em raz\u00e3o de um infarto repentino.\n<\/p>\n<p>Depois, com exames, se descobriu uma m\u00e1 forma\u00e7\u00e3o no seu cora\u00e7\u00e3o. Sua obra \u00e9 bem popular at\u00e9 os dias de hoje.\n<\/p>\n<p>N\u00e3o \u00e9 a primeira vez que Ana Maria Braga comete gafes do tipo no Mais Voc\u00ea.\u00a0<a href=\"https:\/\/12ft.io\/proxy?q=https%3A%2F%2Ff5.folha.uol.com.br%2Ftelevisao%2F2024%2F11%2Fana-maria-braga-chama-joe-biden-de-bin-laden-e-gera-risadas-na-web.shtml\" target=\"_parent\">Em novembro do ano passado, ela chamou o ex-presidente dos Estados Unidos, Joe Biden, de Bin Laden.<\/a>\n<\/p>\n<p>Fonte: Folha de S. Paulo              <\/p>\n<\/div>\n<p><br \/>\n<br \/><a href=\"https:\/\/diariodobrasilnoticias.com.br\/noticia\/gafe-ana-maria-braga-manda-beijo-para-cantora-falecida-em-2001-67d8457178638\">Source link <\/a><\/p>","protected":false},"excerpt":{"rendered":"<p>A apresentadora Ana Maria Braga cometeu uma gafe no Mais Voc\u00ea, programa que apresenta na Globo, nesta segunda (17). Ela mandou um beijo para a cantora C\u00e1ssia Eller, que morreu&hellip;<\/p>","protected":false},"author":1,"featured_media":111751,"comment_status":"closed","ping_status":"open","sticky":false,"template":"","format":"standard","meta":{"content-type":"","footnotes":""},"categories":[16],"tags":[123,2448,5313,1267],"class_list":["post-111750","post","type-post","status-publish","format-standard","has-post-thumbnail","hentry","category-noticias","tag-brasil","tag-diario","tag-noticia","tag-noticias"],"_links":{"self":[{"href":"https:\/\/tvbrazilusa.com\/pt\/wp-json\/wp\/v2\/posts\/111750","targetHints":{"allow":["GET"]}}],"collection":[{"href":"https:\/\/tvbrazilusa.com\/pt\/wp-json\/wp\/v2\/posts"}],"about":[{"href":"https:\/\/tvbrazilusa.com\/pt\/wp-json\/wp\/v2\/types\/post"}],"author":[{"embeddable":true,"href":"https:\/\/tvbrazilusa.com\/pt\/wp-json\/wp\/v2\/users\/1"}],"replies":[{"embeddable":true,"href":"https:\/\/tvbrazilusa.com\/pt\/wp-json\/wp\/v2\/comments?post=111750"}],"version-history":[{"count":1,"href":"https:\/\/tvbrazilusa.com\/pt\/wp-json\/wp\/v2\/posts\/111750\/revisions"}],"predecessor-version":[{"id":111752,"href":"https:\/\/tvbrazilusa.com\/pt\/wp-json\/wp\/v2\/posts\/111750\/revisions\/111752"}],"wp:featuredmedia":[{"embeddable":true,"href":"https:\/\/tvbrazilusa.com\/pt\/wp-json\/wp\/v2\/media\/111751"}],"wp:attachment":[{"href":"https:\/\/tvbrazilusa.com\/pt\/wp-json\/wp\/v2\/media?parent=111750"}],"wp:term":[{"taxonomy":"category","embeddable":true,"href":"https:\/\/tvbrazilusa.com\/pt\/wp-json\/wp\/v2\/categories?post=111750"},{"taxonomy":"post_tag","embeddable":true,"href":"https:\/\/tvbrazilusa.com\/pt\/wp-json\/wp\/v2\/tags?post=111750"}],"curies":[{"name":"wp","href":"https:\/\/api.w.org\/{rel}","templated":true}]}}