{"id":111755,"date":"2025-03-17T19:04:06","date_gmt":"2025-03-17T19:04:06","guid":{"rendered":"https:\/\/tvbrazilusa.com\/2025\/03\/17\/moraes-causa-incomodo-a-colegas-do-stf-com-sua-postura-no-inquerito-do-suposto-golpe\/"},"modified":"2025-03-17T19:04:08","modified_gmt":"2025-03-17T19:04:08","slug":"moraes-causa-incomodo-a-colegas-do-stf-com-sua-postura-no-inquerito-do-suposto-golpe","status":"publish","type":"post","link":"https:\/\/tvbrazilusa.com\/pt\/2025\/03\/17\/moraes-causa-incomodo-a-colegas-do-stf-com-sua-postura-no-inquerito-do-suposto-golpe\/","title":{"rendered":"Moraes causa inc\u00f4modo a colegas do STF com sua postura no inqu\u00e9rito do suposto golpe"},"content":{"rendered":"<p> <script async src=\"https:\/\/pagead2.googlesyndication.com\/pagead\/js\/adsbygoogle.js?client=ca-pub-8864793242727901\"\r\n     crossorigin=\"anonymous\"><\/script><br \/>\n<\/p>\n<div id=\"taboola-read-more\" style=\"display:block; width:100%\">\n<p>Em conversas reservadas, alguns ministros do STF se mostram incomodados com a postura de Alexandre de Moraes na condu\u00e7\u00e3o do inqu\u00e9rito do golpe. Avaliam que seu comportamento tensiona o caso mais do que o necess\u00e1rio.\n<\/p>\n<p>Esses ministros, por\u00e9m, n\u00e3o dir\u00e3o isso em p\u00fablico.<\/p>\n<p>fonte: O Globo              <\/p>\n<\/div>\n<p><br \/>\n<br \/><a href=\"https:\/\/diariodobrasilnoticias.com.br\/noticia\/moraes-causa-incomodo-a-colegas-do-stf-com-sua-postura-no-inquerito-do-suposto-golpe-67d847e86f5d8\">Source link <\/a><\/p>","protected":false},"excerpt":{"rendered":"<p>Em conversas reservadas, alguns ministros do STF se mostram incomodados com a postura de Alexandre de Moraes na condu\u00e7\u00e3o do inqu\u00e9rito do golpe. Avaliam que seu comportamento tensiona o caso&hellip;<\/p>","protected":false},"author":1,"featured_media":111756,"comment_status":"closed","ping_status":"open","sticky":false,"template":"","format":"standard","meta":{"content-type":"","footnotes":""},"categories":[16],"tags":[123,2448,5313,1267],"class_list":["post-111755","post","type-post","status-publish","format-standard","has-post-thumbnail","hentry","category-noticias","tag-brasil","tag-diario","tag-noticia","tag-noticias"],"_links":{"self":[{"href":"https:\/\/tvbrazilusa.com\/pt\/wp-json\/wp\/v2\/posts\/111755","targetHints":{"allow":["GET"]}}],"collection":[{"href":"https:\/\/tvbrazilusa.com\/pt\/wp-json\/wp\/v2\/posts"}],"about":[{"href":"https:\/\/tvbrazilusa.com\/pt\/wp-json\/wp\/v2\/types\/post"}],"author":[{"embeddable":true,"href":"https:\/\/tvbrazilusa.com\/pt\/wp-json\/wp\/v2\/users\/1"}],"replies":[{"embeddable":true,"href":"https:\/\/tvbrazilusa.com\/pt\/wp-json\/wp\/v2\/comments?post=111755"}],"version-history":[{"count":1,"href":"https:\/\/tvbrazilusa.com\/pt\/wp-json\/wp\/v2\/posts\/111755\/revisions"}],"predecessor-version":[{"id":111757,"href":"https:\/\/tvbrazilusa.com\/pt\/wp-json\/wp\/v2\/posts\/111755\/revisions\/111757"}],"wp:featuredmedia":[{"embeddable":true,"href":"https:\/\/tvbrazilusa.com\/pt\/wp-json\/wp\/v2\/media\/111756"}],"wp:attachment":[{"href":"https:\/\/tvbrazilusa.com\/pt\/wp-json\/wp\/v2\/media?parent=111755"}],"wp:term":[{"taxonomy":"category","embeddable":true,"href":"https:\/\/tvbrazilusa.com\/pt\/wp-json\/wp\/v2\/categories?post=111755"},{"taxonomy":"post_tag","embeddable":true,"href":"https:\/\/tvbrazilusa.com\/pt\/wp-json\/wp\/v2\/tags?post=111755"}],"curies":[{"name":"wp","href":"https:\/\/api.w.org\/{rel}","templated":true}]}}