{"id":11180,"date":"2024-07-29T11:31:03","date_gmt":"2024-07-29T11:31:03","guid":{"rendered":"https:\/\/tvbrazilusa.com\/2024\/07\/29\/milei-e-boric-nao-reconhecem-eleicoes-na-venezuela-paulo-figueiredo\/"},"modified":"2024-07-29T11:59:59","modified_gmt":"2024-07-29T11:59:59","slug":"milei-e-boric-nao-reconhecem-eleicoes-na-venezuela-paulo-figueiredo","status":"publish","type":"post","link":"https:\/\/tvbrazilusa.com\/pt\/2024\/07\/29\/milei-e-boric-nao-reconhecem-eleicoes-na-venezuela-paulo-figueiredo\/","title":{"rendered":"Milei e Boric n\u00e3o reconhecem elei\u00e7\u00f5es na Venezuela &#8211; Paulo Figueiredo"},"content":{"rendered":"<p> <script async src=\"https:\/\/pagead2.googlesyndication.com\/pagead\/js\/adsbygoogle.js?client=ca-pub-8864793242727901\"\r\n     crossorigin=\"anonymous\"><\/script><br \/>\n<\/p>\n<p><span style=\"font-size: revert; color: initial;\">Na madrugada desta segunda-feira, 29 de julho de 2024, o Conselho Nacional Eleitoral da Venezuela (CNE), \u00f3rg\u00e3o controlado pelo regime chavista, anunciou a \u201creelei\u00e7\u00e3o\u201d do Ditador Nicol\u00e1s Maduro como presidente do pa\u00eds. A not\u00edcia gerou rea\u00e7\u00f5es variadas no cen\u00e1rio internacional, com l\u00edderes de diversas na\u00e7\u00f5es expressando sua desaprova\u00e7\u00e3o e questionamentos sobre a legitimidade do processo eleitoral.<\/span><\/p>\n<div>\n<p>Segundo o CNE, com 80% das urnas apuradas, Maduro obteve 51,2% dos votos (5.150.092) contra 44% (4.445.978) do principal concorrente da oposi\u00e7\u00e3o, Edmundo Gonz\u00e1lez Urrutia. Outros candidatos somaram 4,6% dos votos, o que representa 462.704 votos. A vit\u00f3ria de Maduro, entretanto, est\u00e1 sendo fortemente contestada por v\u00e1rias figuras pol\u00edticas na Am\u00e9rica Latina.<picture class=\"wp-image-163621\"><source srcset=\"https:\/\/terrabrasilnoticias.com\/wp-content\/uploads\/2024\/07\/image-921.png.webp 848w, https:\/\/terrabrasilnoticias.com\/wp-content\/uploads\/2024\/07\/image-921-300x169.png.webp 300w, https:\/\/terrabrasilnoticias.com\/wp-content\/uploads\/2024\/07\/image-921-768x432.png.webp 768w, https:\/\/terrabrasilnoticias.com\/wp-content\/uploads\/2024\/07\/image-921-750x422.png.webp 750w\" type=\"image\/webp\" sizes=\"(max-width: 848px) 100vw, 848px\"\/><\/picture><\/p>\n<h4 class=\"wp-block-heading\">Rea\u00e7\u00f5es Internacionais \u00e0 Reelei\u00e7\u00e3o de Maduro<\/h4>\n<p>O presidente argentino Javier Milei foi um dos primeiros a se manifestar. Em sua publica\u00e7\u00e3o no X (antigo Twitter), Milei afirmou que \u201cos venezuelanos optaram por acabar com a ditadura comunista de Nicol\u00e1s Maduro\u201d, baseando-se em pesquisas pr\u00e9vias que indicavam uma vit\u00f3ria de Urrutia. Ele concluiu dizendo que \u201ca Argentina n\u00e3o vai reconhecer mais uma fraude e espera que desta vez as For\u00e7as Armadas defendam a democracia e a vontade popular\u201d.<\/p>\n<p>Outros l\u00edderes tamb\u00e9m expressaram sua preocupa\u00e7\u00e3o com a situa\u00e7\u00e3o na Venezuela. O presidente chileno Gabriel Boric declarou que o Chile s\u00f3 reconhecer\u00e1 \u201cresultados verific\u00e1veis\u201d e exigiu transpar\u00eancia total no processo eleitoral. De forma similar, Luis Lacalle Pou, presidente do Uruguai, escreveu na mesma rede social que Maduro venceria \u201cindependentemente dos resultados reais\u201d.<\/p>\n<h4 class=\"wp-block-heading\">Como as For\u00e7as Armadas Reagir\u00e3o \u00e0 Reelei\u00e7\u00e3o de Maduro?<\/h4>\n<p>Esta \u00e9 uma quest\u00e3o crucial no atual cen\u00e1rio pol\u00edtico venezuelano. A oposi\u00e7\u00e3o e alguns setores da comunidade internacional esperam uma postura firme das For\u00e7as Armadas em prol da democracia. Javier Gonz\u00e1lez-Olaechea, presidente do Peru, afirmou categoricamente que seu pa\u00eds \u201cn\u00e3o aceitar\u00e1 a viola\u00e7\u00e3o da vontade popular do povo venezuelano\u201d.<\/p>\n<p>Maduro, por outro lado, defendeu o sistema eleitoral venezuelano, alegando que a Venezuela tem um \u201csistema eleitoral de alt\u00edssimo n\u00edvel de confian\u00e7a, seguran\u00e7a e transpar\u00eancia\u201d. No seu discurso de vit\u00f3ria, ele mencionou que \u201cforam feitas 16 auditorias\u201d no processo e questionou: \u201cMe diga: em que pa\u00eds \u00e9 feita uma auditoria sequer?\u201d<\/p>\n<h4 class=\"wp-block-heading\">O Ditador Nicol\u00e1s Maduro<\/h4>\n<p>Nicol\u00e1s Maduro Moros, 60 anos, \u00e9 acusado de in\u00fameras viola\u00e7\u00f5es de direitos humanos, Maduro mant\u00e9m pessoas presas por \u201ccrimes pol\u00edticos\u201d e h\u00e1 diversos relatos de restri\u00e7\u00f5es \u00e0s liberdades nacionais. Relat\u00f3rios da OEA e da Comiss\u00e3o Interamericana de Direitos Humanos destacam a \u201cnomea\u00e7\u00e3o ileg\u00edtima\u201d do CNE e outras pr\u00e1ticas question\u00e1veis.<\/p>\n<p>A trajet\u00f3ria de Maduro no poder \u00e9 marcada por uma s\u00e9rie de eventos turbulentos e decis\u00f5es autocr\u00e1ticas e ditatoriais. No campo econ\u00f4mico, o pa\u00eds sofreu um decl\u00ednio significativo sob sua lideran\u00e7a, com o PIB da Venezuela encolhendo 62,5% nos \u00faltimos 10 anos. Essas circunst\u00e2ncias aumentam ainda mais as d\u00favidas sobre a sustentabilidade do seu governo e a verdadeira vontade do povo venezuelano.<\/p>\n<p>A \u201creelei\u00e7\u00e3o\u201d do Ditador n\u00e3o afeta apenas a Venezuela, mas cria tens\u00f5es regionais significativas. A postura da Argentina, do Chile, do Uruguai e do Peru s\u00e3o apenas um exemplo de como essa vit\u00f3ria contestada pode repercutir em toda a Am\u00e9rica Latina. Os l\u00edderes desses pa\u00edses temem que a falta de legitimidade no processo eleitoral possa provocar instabilidade pol\u00edtica e social, n\u00e3o apenas na Venezuela, mas em toda a regi\u00e3o.<\/p>\n<\/div>\n<p><br \/>\n<br \/><a href=\"https:\/\/paulofigueiredoshow.com\/milei-e-boric-nao-reconhecem-eleicoes-na-venezuela\/\">Source link <\/a><\/p>","protected":false},"excerpt":{"rendered":"<p>Na madrugada desta segunda-feira, 29 de julho de 2024, o Conselho Nacional Eleitoral da Venezuela (CNE), \u00f3rg\u00e3o controlado pelo regime chavista, anunciou a \u201creelei\u00e7\u00e3o\u201d do Ditador Nicol\u00e1s Maduro como presidente&hellip;<\/p>","protected":false},"author":1,"featured_media":11181,"comment_status":"closed","ping_status":"open","sticky":false,"template":"","format":"standard","meta":{"content-type":"","footnotes":""},"categories":[16],"tags":[3883,1408,831,148,3884,1101],"class_list":["post-11180","post","type-post","status-publish","format-standard","has-post-thumbnail","hentry","category-noticias","tag-boric","tag-eleicoes","tag-milei","tag-nao","tag-reconhecem","tag-venezuela"],"_links":{"self":[{"href":"https:\/\/tvbrazilusa.com\/pt\/wp-json\/wp\/v2\/posts\/11180","targetHints":{"allow":["GET"]}}],"collection":[{"href":"https:\/\/tvbrazilusa.com\/pt\/wp-json\/wp\/v2\/posts"}],"about":[{"href":"https:\/\/tvbrazilusa.com\/pt\/wp-json\/wp\/v2\/types\/post"}],"author":[{"embeddable":true,"href":"https:\/\/tvbrazilusa.com\/pt\/wp-json\/wp\/v2\/users\/1"}],"replies":[{"embeddable":true,"href":"https:\/\/tvbrazilusa.com\/pt\/wp-json\/wp\/v2\/comments?post=11180"}],"version-history":[{"count":1,"href":"https:\/\/tvbrazilusa.com\/pt\/wp-json\/wp\/v2\/posts\/11180\/revisions"}],"predecessor-version":[{"id":11182,"href":"https:\/\/tvbrazilusa.com\/pt\/wp-json\/wp\/v2\/posts\/11180\/revisions\/11182"}],"wp:featuredmedia":[{"embeddable":true,"href":"https:\/\/tvbrazilusa.com\/pt\/wp-json\/wp\/v2\/media\/11181"}],"wp:attachment":[{"href":"https:\/\/tvbrazilusa.com\/pt\/wp-json\/wp\/v2\/media?parent=11180"}],"wp:term":[{"taxonomy":"category","embeddable":true,"href":"https:\/\/tvbrazilusa.com\/pt\/wp-json\/wp\/v2\/categories?post=11180"},{"taxonomy":"post_tag","embeddable":true,"href":"https:\/\/tvbrazilusa.com\/pt\/wp-json\/wp\/v2\/tags?post=11180"}],"curies":[{"name":"wp","href":"https:\/\/api.w.org\/{rel}","templated":true}]}}