{"id":111815,"date":"2025-03-17T23:13:27","date_gmt":"2025-03-17T23:13:27","guid":{"rendered":"https:\/\/tvbrazilusa.com\/2025\/03\/17\/ira-utiliza-drones-e-aplicativos-para-identificar-mulheres-sem-veu-islamico\/"},"modified":"2025-03-17T23:13:28","modified_gmt":"2025-03-17T23:13:28","slug":"ira-utiliza-drones-e-aplicativos-para-identificar-mulheres-sem-veu-islamico","status":"publish","type":"post","link":"https:\/\/tvbrazilusa.com\/pt\/2025\/03\/17\/ira-utiliza-drones-e-aplicativos-para-identificar-mulheres-sem-veu-islamico\/","title":{"rendered":"Ir\u00e3 utiliza drones e aplicativos para identificar mulheres sem v\u00e9u isl\u00e2mico"},"content":{"rendered":"<p> <script async src=\"https:\/\/pagead2.googlesyndication.com\/pagead\/js\/adsbygoogle.js?client=ca-pub-8864793242727901\"\r\n     crossorigin=\"anonymous\"><\/script><br \/>\n<\/p>\n<div id=\"taboola-read-more\" style=\"display:block; width:100%\">\n<p>O Ir\u00e3 est\u00e1 usando drones, sistemas de reconhecimento facial e um aplicativo de den\u00fancias para impor \u00e0s mulheres o uso obrigat\u00f3rio do v\u00e9u isl\u00e2mico, o hijab, segundo um relat\u00f3rio da ONU (Organiza\u00e7\u00e3o das Na\u00e7\u00f5es Unidas) divulgado na \u00faltima sexta-feira (14).\n<\/p>\n<p>De acordo com o documento, o monitoramento &#8212; e a puni\u00e7\u00e3o &#8212; de mulheres que desafiam o c\u00f3digo de vestimenta obrigat\u00f3rio \u00e9 feito principalmente pelo aplicativo \u201cNazer\u201d, uma ferramenta apoiada pelo governo que permite que cidad\u00e3os e policiais denunciem viola\u00e7\u00f5es.<\/p>\n<p>O sistema, que pode ser acessado pelo pr\u00f3prio site da pol\u00edcia iraniana (FARAJA), permite que o denunciante avise onde, quando e at\u00e9 com qual ve\u00edculo uma mulher foi vista sem o hijab.\n<\/p>\n<p>Al\u00e9m de alertar a pol\u00edcia, o aplicativo tamb\u00e9m envia uma mensagem de texto em tempo real para o propriet\u00e1rio do ve\u00edculo \u201cavisando-o de que ele foi encontrado violando as leis obrigat\u00f3rias do hijab\u201d e que, por isso, poderia ser apreendido, segundo o relat\u00f3rio.\n<\/p>\n<p>O monitoramento, de acordo com a ONU, ainda envolve uso de drones e de c\u00e2meras de vigil\u00e2ncia. Na Universidade Amirkabir, na capital Teer\u00e3, um software de reconhecimento facial foi instalado no in\u00edcio do ano passado para identificar estudantes que n\u00e3o seguem a regra.\n<\/p>\n<p>As mulheres que desafiam as leis sobre a vestimenta ou protestam contra elas enfrentam penas severas no pa\u00eds, como pris\u00e3o, multas milion\u00e1rias, espancamento e morte.\n<\/p>\n<p><strong>Viola\u00e7\u00e3o dos direitos humanos<\/strong><br \/>O relat\u00f3rio da ONU, resultado de uma miss\u00e3o de dois anos, acusa o Ir\u00e3 de viola\u00e7\u00f5es sistem\u00e1ticas dos direitos humanos e crimes contra a humanidade, especialmente contra mulheres e meninas.\n<\/p>\n<p>A repress\u00e3o ganhou destaque ap\u00f3s a morte de Mahsa Amini, de 22 anos, em setembro de 2022. A jovem curda foi brutalmente espancada enquanto estava sob cust\u00f3dia da pol\u00edcia da moral, embora as autoridades atribuam sua morte a uma \u201cinsufici\u00eancia card\u00edaca s\u00fabita\u201d.\n<\/p>\n<p>O caso desencadeou v\u00e1rios protestos pelo pa\u00eds, que foram violentamente reprimidos pelas for\u00e7as de seguran\u00e7a iranianas. Segundo a ONU, mais de 300 pessoas foram mortas, incluindo cerca de 40 crian\u00e7as, e outras milhares foram presas nas manifesta\u00e7\u00f5es.\n<\/p>\n<p>\u201cDois anos e meio ap\u00f3s o in\u00edcio dos protestos em setembro de 2022, mulheres e meninas no Ir\u00e3 continuam enfrentando discrimina\u00e7\u00e3o sistem\u00e1tica, na lei e na pr\u00e1tica, que permeia todos os aspectos de suas vidas, particularmente no que diz respeito \u00e0 aplica\u00e7\u00e3o do hijab obrigat\u00f3rio\u201d, diz o relat\u00f3rio.\n<\/p>\n<p>A combina\u00e7\u00e3o de tecnologia e repress\u00e3o estatal, segundo os investigadores da ONU, reflete um esfor\u00e7o para transformar a conformidade com o hijab em uma \u201cresponsabilidade c\u00edvica\u201d imposta \u00e0 popula\u00e7\u00e3o. O relat\u00f3rio ser\u00e1 apresentado ao Conselho de Direitos Humanos do \u00f3rg\u00e3o nesta ter\u00e7a-feira (18).\n<\/p>\n<p>Fonte: R7              <\/p>\n<\/div>\n<p><br \/>\n<br \/><a href=\"https:\/\/diariodobrasilnoticias.com.br\/noticia\/-ira-utiliza-drones-e-aplicativos-para-identificar-mulheres-sem-veu-islamico-67d8800c360e9\">Source link <\/a><\/p>","protected":false},"excerpt":{"rendered":"<p>O Ir\u00e3 est\u00e1 usando drones, sistemas de reconhecimento facial e um aplicativo de den\u00fancias para impor \u00e0s mulheres o uso obrigat\u00f3rio do v\u00e9u isl\u00e2mico, o hijab, segundo um relat\u00f3rio da&hellip;<\/p>","protected":false},"author":1,"featured_media":111816,"comment_status":"closed","ping_status":"open","sticky":false,"template":"","format":"standard","meta":{"content-type":"","footnotes":""},"categories":[16],"tags":[123,2448,5313,1267],"class_list":["post-111815","post","type-post","status-publish","format-standard","has-post-thumbnail","hentry","category-noticias","tag-brasil","tag-diario","tag-noticia","tag-noticias"],"_links":{"self":[{"href":"https:\/\/tvbrazilusa.com\/pt\/wp-json\/wp\/v2\/posts\/111815","targetHints":{"allow":["GET"]}}],"collection":[{"href":"https:\/\/tvbrazilusa.com\/pt\/wp-json\/wp\/v2\/posts"}],"about":[{"href":"https:\/\/tvbrazilusa.com\/pt\/wp-json\/wp\/v2\/types\/post"}],"author":[{"embeddable":true,"href":"https:\/\/tvbrazilusa.com\/pt\/wp-json\/wp\/v2\/users\/1"}],"replies":[{"embeddable":true,"href":"https:\/\/tvbrazilusa.com\/pt\/wp-json\/wp\/v2\/comments?post=111815"}],"version-history":[{"count":1,"href":"https:\/\/tvbrazilusa.com\/pt\/wp-json\/wp\/v2\/posts\/111815\/revisions"}],"predecessor-version":[{"id":111817,"href":"https:\/\/tvbrazilusa.com\/pt\/wp-json\/wp\/v2\/posts\/111815\/revisions\/111817"}],"wp:featuredmedia":[{"embeddable":true,"href":"https:\/\/tvbrazilusa.com\/pt\/wp-json\/wp\/v2\/media\/111816"}],"wp:attachment":[{"href":"https:\/\/tvbrazilusa.com\/pt\/wp-json\/wp\/v2\/media?parent=111815"}],"wp:term":[{"taxonomy":"category","embeddable":true,"href":"https:\/\/tvbrazilusa.com\/pt\/wp-json\/wp\/v2\/categories?post=111815"},{"taxonomy":"post_tag","embeddable":true,"href":"https:\/\/tvbrazilusa.com\/pt\/wp-json\/wp\/v2\/tags?post=111815"}],"curies":[{"name":"wp","href":"https:\/\/api.w.org\/{rel}","templated":true}]}}