{"id":111829,"date":"2025-03-18T00:05:58","date_gmt":"2025-03-18T00:05:58","guid":{"rendered":"https:\/\/tvbrazilusa.com\/2025\/03\/18\/forever-21-fechara-todas-as-lojas-apos-falencia\/"},"modified":"2025-03-18T00:06:00","modified_gmt":"2025-03-18T00:06:00","slug":"forever-21-fechara-todas-as-lojas-apos-falencia","status":"publish","type":"post","link":"https:\/\/tvbrazilusa.com\/pt\/2025\/03\/18\/forever-21-fechara-todas-as-lojas-apos-falencia\/","title":{"rendered":"Forever 21 fechar\u00e1 todas as lojas ap\u00f3s fal\u00eancia"},"content":{"rendered":"<p> <script async src=\"https:\/\/pagead2.googlesyndication.com\/pagead\/js\/adsbygoogle.js?client=ca-pub-8864793242727901\"\r\n     crossorigin=\"anonymous\"><\/script><br \/>\n<\/p>\n<div id=\"taboola-read-more\" style=\"display:block; width:100%\">\n<p>No domingo (16), a rede de lojas Forever 21 entrou com pedido de fal\u00eancia nos Estados Unidos, onde possui 350 lojas, o que colocar\u00e1 fim \u00e0s suas opera\u00e7\u00f5es no pa\u00eds.\u2060<br \/>\u2060<br \/>De acordo com o diretor financeiro da rede, Brad Sell, a empresa n\u00e3o conseguiu encontrar um caminho sustent\u00e1vel para continuar operando.\u2060<br \/>No entanto, todo esse processo pode n\u00e3o significar a extin\u00e7\u00e3o da marca, j\u00e1 que o Authentic Brands Group &#8211; detentor da propriedade intelectual da Forever 21 &#8211; est\u00e1 buscando um comprador parcial ou total para a rede.\u2060\n<\/p>\n<p>Fonte: @forbesbr<\/p>\n<\/p><\/div>\n<p><br \/>\n<br \/><a href=\"https:\/\/diariodobrasilnoticias.com.br\/noticia\/forever-21-fechara-todas-as-lojas-apos-falencia-67d89a37e97f2\">Source link <\/a><\/p>","protected":false},"excerpt":{"rendered":"<p>No domingo (16), a rede de lojas Forever 21 entrou com pedido de fal\u00eancia nos Estados Unidos, onde possui 350 lojas, o que colocar\u00e1 fim \u00e0s suas opera\u00e7\u00f5es no pa\u00eds.\u2060\u2060De&hellip;<\/p>","protected":false},"author":1,"featured_media":111830,"comment_status":"closed","ping_status":"open","sticky":false,"template":"","format":"standard","meta":{"content-type":"","footnotes":""},"categories":[16],"tags":[123,2448,5313,1267],"class_list":["post-111829","post","type-post","status-publish","format-standard","has-post-thumbnail","hentry","category-noticias","tag-brasil","tag-diario","tag-noticia","tag-noticias"],"_links":{"self":[{"href":"https:\/\/tvbrazilusa.com\/pt\/wp-json\/wp\/v2\/posts\/111829","targetHints":{"allow":["GET"]}}],"collection":[{"href":"https:\/\/tvbrazilusa.com\/pt\/wp-json\/wp\/v2\/posts"}],"about":[{"href":"https:\/\/tvbrazilusa.com\/pt\/wp-json\/wp\/v2\/types\/post"}],"author":[{"embeddable":true,"href":"https:\/\/tvbrazilusa.com\/pt\/wp-json\/wp\/v2\/users\/1"}],"replies":[{"embeddable":true,"href":"https:\/\/tvbrazilusa.com\/pt\/wp-json\/wp\/v2\/comments?post=111829"}],"version-history":[{"count":1,"href":"https:\/\/tvbrazilusa.com\/pt\/wp-json\/wp\/v2\/posts\/111829\/revisions"}],"predecessor-version":[{"id":111831,"href":"https:\/\/tvbrazilusa.com\/pt\/wp-json\/wp\/v2\/posts\/111829\/revisions\/111831"}],"wp:featuredmedia":[{"embeddable":true,"href":"https:\/\/tvbrazilusa.com\/pt\/wp-json\/wp\/v2\/media\/111830"}],"wp:attachment":[{"href":"https:\/\/tvbrazilusa.com\/pt\/wp-json\/wp\/v2\/media?parent=111829"}],"wp:term":[{"taxonomy":"category","embeddable":true,"href":"https:\/\/tvbrazilusa.com\/pt\/wp-json\/wp\/v2\/categories?post=111829"},{"taxonomy":"post_tag","embeddable":true,"href":"https:\/\/tvbrazilusa.com\/pt\/wp-json\/wp\/v2\/tags?post=111829"}],"curies":[{"name":"wp","href":"https:\/\/api.w.org\/{rel}","templated":true}]}}