{"id":111835,"date":"2025-03-18T00:29:53","date_gmt":"2025-03-18T00:29:53","guid":{"rendered":"https:\/\/tvbrazilusa.com\/2025\/03\/18\/governo-lula-privilegia-o-grupo-globo-em-eventos-no-itamaraty\/"},"modified":"2025-03-18T00:29:54","modified_gmt":"2025-03-18T00:29:54","slug":"governo-lula-privilegia-o-grupo-globo-em-eventos-no-itamaraty","status":"publish","type":"post","link":"https:\/\/tvbrazilusa.com\/pt\/2025\/03\/18\/governo-lula-privilegia-o-grupo-globo-em-eventos-no-itamaraty\/","title":{"rendered":"Governo Lula privilegia o Grupo Globo em eventos no Itamaraty"},"content":{"rendered":"<p> <script async src=\"https:\/\/pagead2.googlesyndication.com\/pagead\/js\/adsbygoogle.js?client=ca-pub-8864793242727901\"\r\n     crossorigin=\"anonymous\"><\/script><br \/>\n<\/p>\n<div id=\"taboola-read-more\" style=\"display:block; width:100%\">\n<p>Dados da Lei de Acesso \u00e0 Informa\u00e7\u00e3o mostram que o governo Lula privilegia o Grupo Globo em eventos diplom\u00e1ticos. A empresa \u00e9 a que mais recebeu convites para encontros oficiais no Pal\u00e1cio do Itamaraty, sede do Minist\u00e9rio das Rela\u00e7\u00f5es Exteriores (MRE).\n<\/p>\n<p>O Itamaraty realizou dez almo\u00e7os e jantares ao longo de 2023 e 2024. O Grupo Globo recebeu 42 convites, distribu\u00eddos entre 24 jornalistas. Em segundo lugar, a CNN Brasil contou com 12 convites, direcionados a nove profissionais da companhia. Nota-se que o mesmo jornalista pode ter recebido m\u00faltiplos convites.<\/p>\n<p>Nesse sentido, o ranking dos cinco principais ve\u00edculos de comunica\u00e7\u00e3o termina com o Grupo Folha, que recebeu 11 convites para oito jornalistas; o Brasil247, com sete convites para quatro profissionais; e o jornal O Estado de S. Paulo, com sete convites para seis jornalistas.\n<\/p>\n<p>A Secretaria de Comunica\u00e7\u00e3o Social da Presid\u00eancia da Rep\u00fablica e o MRE s\u00e3o os respons\u00e1veis pela distribui\u00e7\u00e3o dos convites. O MRE justifica a prioridade dada ao Grupo Globo ao afirmar que os convites s\u00e3o enviados a profissionais especializados em temas da diplomacia internacional.\n<\/p>\n<p>Grupo Globo enfrenta crise hist\u00f3rica de audi\u00eancia<br \/>A TV Globo, \u00e0s v\u00e9speras de completar 60 anos, enfrenta uma crise hist\u00f3rica em suas programa\u00e7\u00f5es tradicionais.\n<\/p>\n<p>Sem a apresentadora Ana Maria Braga, que tirou uma semana de folga durante o Carnaval, o Mais Voc\u00ea registrou, na sexta-feira 7, sua menor audi\u00eancia de 2025 \u2014 abaixo de qualquer \u00edndice alcan\u00e7ado no ano passado.\n<\/p>\n<p>Dados obtidos pelo portal Not\u00edcias da TV revelam que o programa registrou apenas 5,5 pontos na Grande S\u00e3o Paulo, entre 10h37 e 11h48.\n<\/p>\n<p>Ainda em mar\u00e7o, a Record, com 20 pontos de m\u00e9dia, superou a TV Globo em audi\u00eancia durante a transmiss\u00e3o da semifinal do Paulist\u00e3o entre Corinthians e Santos.\n<\/p>\n<p>A crise tamb\u00e9m atinge as tradicionais novelas da emissora. Garota do Momento, exibida \u00e0s 18h, registra 17,2 pontos na Grande S\u00e3o Paulo, enquanto sua antecessora, No Rancho Fundo, alcan\u00e7ava m\u00e9dia de 19,2 pontos.\n<\/p>\n<p>Fonte: Revista Oeste              <\/p>\n<\/div>\n<p><br \/>\n<br \/><a href=\"https:\/\/diariodobrasilnoticias.com.br\/noticia\/governo-lula-privilegia-o-grupo-globo-em-eventos-no-itamaraty-67d8ade076416\">Source link <\/a><\/p>","protected":false},"excerpt":{"rendered":"<p>Dados da Lei de Acesso \u00e0 Informa\u00e7\u00e3o mostram que o governo Lula privilegia o Grupo Globo em eventos diplom\u00e1ticos. A empresa \u00e9 a que mais recebeu convites para encontros oficiais&hellip;<\/p>","protected":false},"author":1,"featured_media":111836,"comment_status":"closed","ping_status":"open","sticky":false,"template":"","format":"standard","meta":{"content-type":"","footnotes":""},"categories":[16],"tags":[123,2448,5313,1267],"class_list":["post-111835","post","type-post","status-publish","format-standard","has-post-thumbnail","hentry","category-noticias","tag-brasil","tag-diario","tag-noticia","tag-noticias"],"_links":{"self":[{"href":"https:\/\/tvbrazilusa.com\/pt\/wp-json\/wp\/v2\/posts\/111835","targetHints":{"allow":["GET"]}}],"collection":[{"href":"https:\/\/tvbrazilusa.com\/pt\/wp-json\/wp\/v2\/posts"}],"about":[{"href":"https:\/\/tvbrazilusa.com\/pt\/wp-json\/wp\/v2\/types\/post"}],"author":[{"embeddable":true,"href":"https:\/\/tvbrazilusa.com\/pt\/wp-json\/wp\/v2\/users\/1"}],"replies":[{"embeddable":true,"href":"https:\/\/tvbrazilusa.com\/pt\/wp-json\/wp\/v2\/comments?post=111835"}],"version-history":[{"count":1,"href":"https:\/\/tvbrazilusa.com\/pt\/wp-json\/wp\/v2\/posts\/111835\/revisions"}],"predecessor-version":[{"id":111837,"href":"https:\/\/tvbrazilusa.com\/pt\/wp-json\/wp\/v2\/posts\/111835\/revisions\/111837"}],"wp:featuredmedia":[{"embeddable":true,"href":"https:\/\/tvbrazilusa.com\/pt\/wp-json\/wp\/v2\/media\/111836"}],"wp:attachment":[{"href":"https:\/\/tvbrazilusa.com\/pt\/wp-json\/wp\/v2\/media?parent=111835"}],"wp:term":[{"taxonomy":"category","embeddable":true,"href":"https:\/\/tvbrazilusa.com\/pt\/wp-json\/wp\/v2\/categories?post=111835"},{"taxonomy":"post_tag","embeddable":true,"href":"https:\/\/tvbrazilusa.com\/pt\/wp-json\/wp\/v2\/tags?post=111835"}],"curies":[{"name":"wp","href":"https:\/\/api.w.org\/{rel}","templated":true}]}}