{"id":111841,"date":"2025-03-18T00:53:53","date_gmt":"2025-03-18T00:53:53","guid":{"rendered":"https:\/\/tvbrazilusa.com\/2025\/03\/18\/supremo-tribunal-federal-votara-afastamento-de-zanin-dino-e-moraes\/"},"modified":"2025-03-18T00:53:55","modified_gmt":"2025-03-18T00:53:55","slug":"supremo-tribunal-federal-votara-afastamento-de-zanin-dino-e-moraes","status":"publish","type":"post","link":"https:\/\/tvbrazilusa.com\/pt\/2025\/03\/18\/supremo-tribunal-federal-votara-afastamento-de-zanin-dino-e-moraes\/","title":{"rendered":"Supremo Tribunal Federal votar\u00e1 afastamento de Zanin, Dino e Moraes"},"content":{"rendered":"<p> <script async src=\"https:\/\/pagead2.googlesyndication.com\/pagead\/js\/adsbygoogle.js?client=ca-pub-8864793242727901\"\r\n     crossorigin=\"anonymous\"><\/script><br \/>\n<\/p>\n<div>\n<figure class=\"post-image\">\n<\/figure>\n<p>            <span style=\"font-size: 12px\">VIN\u00cdCIUS SCHMIDT\/METR\u00d3POLES @vinicius.foto<\/span><\/p>\n<p>            <!-- end metas --><br \/>\n            <!-- ADS --><\/p>\n<div id=\"taboola-read-more\" style=\"display:block; width:100%\">\n<p>O presidente do Supremo Tribunal Federal (STF), ministro Lu\u00eds Roberto Barroso, marcou sess\u00e3o virtual extra para que o plen\u00e1rio julgue pedido de impedimento feito pelas defesas de Jair Bolsonaro (PL) e Walter Braga Netto contra os ministros Alexandre de Moraes, Fl\u00e1vio Dino e Cristiano Zanin, em caso que analisa den\u00fancia por susposta tentativa de golpe.\n<\/p>\n<p>\u201cDiante da excepcional urg\u00eancia caracterizada no presente caso, determino a inclus\u00e3o do processo em sess\u00e3o virtual extraordin\u00e1ria do Plen\u00e1rio desta Corte, com in\u00edcio \u00e0s 11h do dia 19.03.2025 e t\u00e9rmino \u00e0s 23h59 do dia 20.03.2025\u201d, determinou Barroso.<\/p>\n<p><strong>Recurso<\/strong><br \/>Barroso, em 28 de fevereiro, j\u00e1 tinha negado os pedidos contra os ministros Fl\u00e1vio Dino e Cristiano Zanin. Ap\u00f3s manifesta\u00e7\u00f5es, Barroso autorizou que eles participem de julgamento que vai deliberar sobre recebimento da den\u00fancia da Procuradoria-Geral da Rep\u00fablica (PGR) contra Jair Bolsonaro (PL), Braga Netto e mais 32 acusados de tentativa de golpe.<br \/>Houve ainda um pedido para que o julgamento ocorra no Plen\u00e1rio do STF, n\u00e3o na Primeira Turma, conforme previu o relator do caso, Alexandre de Moraes. Al\u00e9m da solicita\u00e7\u00e3o sobre o impedimento do relator.<br \/>Todos foram negados. Agora, em plen\u00e1rio virtual, o STF analisa recursos dos pedidos.\n<\/p>\n<p>O argumento da defesa para que Dino e Zanin n\u00e3o participem do julgamento \u00e9 de que eles foram indicados por Lula. A primeira fase dos julgamentos acerca da den\u00fancia da PGR ser\u00e1 realizada em 25 e 26 de mar\u00e7o, quando a Primeira Turma decide se torna r\u00e9us Jair Bolsonaro mais sete aliados por tentativa de golpe.\n<\/p>\n<p>Fonte: Metr\u00f3poles              <\/p>\n<\/div>\n<p>                        <!-- Scripts para conteudo --><\/p>\n<p>            <!-- .\/Scripts para conteudo --><br \/>\n            <!-- .\/Mat\u00e9ria --><\/p>\n<div class=\"row mt-3\">\n<div class=\"col-sm-6\">\n                <!-- Whatsapp channel 3--><br \/>\n                <a href=\"https:\/\/chat.whatsapp.com\/B8Qy6Erx4kb6yTzj3kaDco\" target=\"_blank\"><br \/>\n                  <img decoding=\"async\" src=\"https:\/\/diariodobrasilnoticias.com.br\/assets-site\/images\/bot_whatsapp.png\"\/><\/a>\n              <\/div>\n<div class=\"col-sm-6\">\n                <a href=\"https:\/\/t.me\/+_4gTmi5LKo03OTM5\" target=\"_blank\"><br \/>\n                  <img decoding=\"async\" src=\"https:\/\/diariodobrasilnoticias.com.br\/assets-site\/images\/bot_telegram.png\"\/><\/a>\n              <\/div>\n<\/p><\/div>\n<p>            <!-- end post-navigation --><\/p>\n<p>              <!-- end row --><\/p>\n<p>              <!-- end col-12-->\n                      <\/div>\n<p><br \/>\n<br \/><a href=\"https:\/\/diariodobrasilnoticias.com.br\/noticia\/supremo-tribunal-federal-votara-afastamento-de-zanin-dino-e-moraes-67d89c5a0a81b\">Source link <\/a><\/p>","protected":false},"excerpt":{"rendered":"<p>VIN\u00cdCIUS SCHMIDT\/METR\u00d3POLES @vinicius.foto O presidente do Supremo Tribunal Federal (STF), ministro Lu\u00eds Roberto Barroso, marcou sess\u00e3o virtual extra para que o plen\u00e1rio julgue pedido de impedimento feito pelas defesas de&hellip;<\/p>","protected":false},"author":1,"featured_media":111842,"comment_status":"closed","ping_status":"open","sticky":false,"template":"","format":"standard","meta":{"content-type":"","footnotes":""},"categories":[16],"tags":[123,2448,5313,1267],"class_list":["post-111841","post","type-post","status-publish","format-standard","has-post-thumbnail","hentry","category-noticias","tag-brasil","tag-diario","tag-noticia","tag-noticias"],"_links":{"self":[{"href":"https:\/\/tvbrazilusa.com\/pt\/wp-json\/wp\/v2\/posts\/111841","targetHints":{"allow":["GET"]}}],"collection":[{"href":"https:\/\/tvbrazilusa.com\/pt\/wp-json\/wp\/v2\/posts"}],"about":[{"href":"https:\/\/tvbrazilusa.com\/pt\/wp-json\/wp\/v2\/types\/post"}],"author":[{"embeddable":true,"href":"https:\/\/tvbrazilusa.com\/pt\/wp-json\/wp\/v2\/users\/1"}],"replies":[{"embeddable":true,"href":"https:\/\/tvbrazilusa.com\/pt\/wp-json\/wp\/v2\/comments?post=111841"}],"version-history":[{"count":1,"href":"https:\/\/tvbrazilusa.com\/pt\/wp-json\/wp\/v2\/posts\/111841\/revisions"}],"predecessor-version":[{"id":111843,"href":"https:\/\/tvbrazilusa.com\/pt\/wp-json\/wp\/v2\/posts\/111841\/revisions\/111843"}],"wp:featuredmedia":[{"embeddable":true,"href":"https:\/\/tvbrazilusa.com\/pt\/wp-json\/wp\/v2\/media\/111842"}],"wp:attachment":[{"href":"https:\/\/tvbrazilusa.com\/pt\/wp-json\/wp\/v2\/media?parent=111841"}],"wp:term":[{"taxonomy":"category","embeddable":true,"href":"https:\/\/tvbrazilusa.com\/pt\/wp-json\/wp\/v2\/categories?post=111841"},{"taxonomy":"post_tag","embeddable":true,"href":"https:\/\/tvbrazilusa.com\/pt\/wp-json\/wp\/v2\/tags?post=111841"}],"curies":[{"name":"wp","href":"https:\/\/api.w.org\/{rel}","templated":true}]}}